{"id":1897,"date":"2014-11-19T07:32:53","date_gmt":"2014-11-19T07:32:53","guid":{"rendered":"https:\/\/codexflores.ch\/index.php\/2014\/11\/19\/bregenzer-festspiele-streichen-kunst-aus-der-zeit\/"},"modified":"2014-11-19T07:32:53","modified_gmt":"2014-11-19T07:32:53","slug":"bregenzer-festspiele-streichen-kunst-aus-der-zeit","status":"publish","type":"post","link":"https:\/\/codexflores.ch\/index.php\/2014\/11\/19\/bregenzer-festspiele-streichen-kunst-aus-der-zeit\/","title":{"rendered":"Bregenzer Festspiele streichen Kunst aus der Zeit"},"content":{"rendered":"<p><span style=\"font-family: arial,helvetica,sans-serif; font-size: small;\">19.11.2014 &#8212; Die Bregenzer Festspiele streichen die vom abgetretenen Intendanten David Pountney initiierte Reihe Kunst aus der Zeit aus dem Programm. Zeitgen\u00f6ssisches findet mit dem Musiktheater <em>Der Goldene Drache<\/em> von Peter E\u00f6tv\u00f6s auf der Werkstattb\u00fchne statt.<\/span><\/p>\n<p><span style=\"font-family: arial,helvetica,sans-serif; font-size: small;\"><strong>19.11.2014 &#8212; Die Bregenzer Festspiele streichen die vom abgetretenen Intendanten David Pountney initiierte Reihe Kunst aus der Zeit aus dem Programm. Zeitgen\u00f6ssisches findet mit dem Musiktheater <em>Der Goldene Drache<\/em> von Peter E\u00f6tv\u00f6s auf der Werkstattb\u00fchne statt.<\/strong><br \/><\/span><\/p>\n<p><span style=\"font-family: arial,helvetica,sans-serif; font-size: small;\">\u00a0<\/span><\/p>\n<p><span style=\"font-family: arial,helvetica,sans-serif; font-size: small;\">In einem neu gegr\u00fcndeten Opernstudio erarbeiten sechs junge S\u00e4ngerinnen und S\u00e4nger die Oper <em>Cos\u00ec fan tutte<\/em> von Wolfgang Amadeus Mozart, die an vier Abenden im Kornmarkttheater pr\u00e4sentiert wird. Bereits vor dem offiziellen Start der Bregenzer Festspiele l\u00e4sst eine Meisterklasse mit Kammers\u00e4ngerin Brigitte Fassbaender in die Probenarbeit des Opernstudios blicken und \u00f6ffnet die T\u00fcren f\u00fcr das Publikum.<\/span><\/p>\n<p><span style=\"font-family: arial,helvetica,sans-serif; font-size: small;\">\u00a0<\/span><\/p>\n<p><span style=\"font-family: arial,helvetica,sans-serif; font-size: small;\"> Ebenfalls neu ist das Opernatelier, das einen Austausch zwischen verschiedenen K\u00fcnstlern erm\u00f6glichen und \u00fcber einen l\u00e4ngeren Zeitraum hinweg die Entstehung und die Ideenfindung neuer Musiktheaterwerke f\u00f6rdern soll. Das Opernatelier setzt sich nicht nur w\u00e4hrend, sondern auch ausserhalb der Festspielsaison mit Kreativprozessen auseinander und l\u00e4sst ebenfalls das Publikum daran teilhaben. Dar\u00fcber hinaus l\u00e4dt das umfangreiche Kinder- und Jugendprogramm crossculture erneut nicht nur zum Zuh\u00f6ren und Zusehen, sondern auch zum Mitmachen ein.<\/span><\/p>\n<p><span style=\"font-family: arial,helvetica,sans-serif; font-size: small;\">\u00a0<\/span><\/p>\n<p><span style=\"font-family: arial,helvetica,sans-serif; font-size: small;\">Ihre erste Spielzeit unter der neuen Intendantin Elisabeth Sobotka er\u00f6ffnen die Bregenzer Festspiele 2015 mit der Oper <em>Turandot<\/em> von Giacomo Puccini als Spiel auf dem See. Regie und B\u00fchnenbild stammen von Marco Arturo Marelli, die Wiener Symphoniker spielen unter der Leitung von Paolo Carignani. Insgesamt sind f\u00fcr die im kommenden Sommer zum siebzigsten Mal stattfindenden Festspiele 185&#8217;000 Karten aufgelegt, dabei entfallen auf das Spiel auf dem See 162.000 (ohne Generalprobe und crossculture night). Von 22. Juli bis 23. August stehen insgesamt knapp 80 Veranstaltungen auf dem Programm. <em>(cf)<\/em><\/span><\/p>\n","protected":false},"excerpt":{"rendered":"<p><span style=\"font-family: arial,helvetica,sans-serif; font-size: small;\">19.11.2014 &#8212; Die Bregenzer Festspiele streichen die vom abgetretenen Intendanten David Pountney initiierte Reihe Kunst aus der Zeit aus dem Programm. Zeitgen\u00f6ssisches findet mit dem Musiktheater <em>Der Goldene Drache<\/em> von Peter E\u00f6tv\u00f6s auf der Werkstattb\u00fchne statt.<\/span><\/p>\n","protected":false},"author":1,"featured_media":0,"comment_status":"open","ping_status":"open","sticky":false,"template":"","format":"standard","meta":{"footnotes":""},"categories":[2],"tags":[],"class_list":["post-1897","post","type-post","status-publish","format-standard","hentry","category-nachrichten","entry"],"_links":{"self":[{"href":"https:\/\/codexflores.ch\/index.php\/wp-json\/wp\/v2\/posts\/1897","targetHints":{"allow":["GET"]}}],"collection":[{"href":"https:\/\/codexflores.ch\/index.php\/wp-json\/wp\/v2\/posts"}],"about":[{"href":"https:\/\/codexflores.ch\/index.php\/wp-json\/wp\/v2\/types\/post"}],"author":[{"embeddable":true,"href":"https:\/\/codexflores.ch\/index.php\/wp-json\/wp\/v2\/users\/1"}],"replies":[{"embeddable":true,"href":"https:\/\/codexflores.ch\/index.php\/wp-json\/wp\/v2\/comments?post=1897"}],"version-history":[{"count":0,"href":"https:\/\/codexflores.ch\/index.php\/wp-json\/wp\/v2\/posts\/1897\/revisions"}],"wp:attachment":[{"href":"https:\/\/codexflores.ch\/index.php\/wp-json\/wp\/v2\/media?parent=1897"}],"wp:term":[{"taxonomy":"category","embeddable":true,"href":"https:\/\/codexflores.ch\/index.php\/wp-json\/wp\/v2\/categories?post=1897"},{"taxonomy":"post_tag","embeddable":true,"href":"https:\/\/codexflores.ch\/index.php\/wp-json\/wp\/v2\/tags?post=1897"}],"curies":[{"name":"wp","href":"https:\/\/api.w.org\/{rel}","templated":true}]}}