{"id":1898,"date":"2014-11-20T07:18:26","date_gmt":"2014-11-20T07:18:26","guid":{"rendered":"https:\/\/codexflores.ch\/index.php\/2014\/11\/20\/international-hoffnung-fuer-sueddeutsche-musikhochschulen-hoffnung-fuer-sueddeutsche-musikhochschulen\/"},"modified":"2014-11-20T07:18:26","modified_gmt":"2014-11-20T07:18:26","slug":"international-hoffnung-fuer-sueddeutsche-musikhochschulen-hoffnung-fuer-sueddeutsche-musikhochschulen","status":"publish","type":"post","link":"https:\/\/codexflores.ch\/index.php\/2014\/11\/20\/international-hoffnung-fuer-sueddeutsche-musikhochschulen-hoffnung-fuer-sueddeutsche-musikhochschulen\/","title":{"rendered":"Hoffnung f\u00fcr s\u00fcddeutsche Musikhochschulen"},"content":{"rendered":"<p><span style=\"font-family: arial,helvetica,sans-serif; font-size: small;\">20.11.2014 &#8212; Nachdem den Musikhochschulen in Baden-W\u00fcrttemberg in den letzten eineinhalb Jahren erhebliche finanzielle K\u00fcrzungen angedroht wurden, sollen deren Mittel nun aufgestockt werden.<\/span><\/p>\n<p><span style=\"font-family: arial,helvetica,sans-serif; font-size: small;\"><strong>20.11.2014 &#8212; Nachdem den Musikhochschulen in Baden-W\u00fcrttemberg in den letzten eineinhalb Jahren erhebliche finanzielle K\u00fcrzungen angedroht wurden, sollen deren Mittel nun aufgestockt werden.<\/strong><\/span><\/p>\n<p><span style=\"font-family: arial,helvetica,sans-serif; font-size: small;\">\u00a0<\/span><\/p>\n<p><span style=\"font-family: arial,helvetica,sans-serif; font-size: small;\">Die Gr\u00fcne Wissenschaftsministerin Theresia Bauer hat angek\u00fcndigt, dass die Standorte in Stuttgart, Trossingen, Freiburg, Mannheim und Karlsruhe jeweils drei Prozent mehr Geld im Jahr erhalten sollen. Dies entspricht einem Gesamtbetrag von 28 Millionen Euro in den kommenden sechs Jahren.<\/span><\/p>\n<p><span style=\"font-family: arial,helvetica,sans-serif; font-size: small;\">\u00a0<\/span><\/p>\n<p><span style=\"font-family: arial,helvetica,sans-serif; font-size: small;\">Der Deutsche Musikrat begr\u00fcsst den Sinneswandel in der F\u00f6rderpolitik des Landes Baden-W\u00fcrttemberg. Sein Generalsekret\u00e4r Christian H\u00f6ppner hofft, dass \u00abdie Krise der letzten eineinhalb Jahre dazu gedient hat, einen Erkenntnisgewinn \u00fcber die Bedeutung der Musikhochschulen\u00bb gebracht hat.<\/span><\/p>\n<p><span style=\"font-family: arial,helvetica,sans-serif; font-size: small;\">\u00a0<\/span><\/p>\n<p><span style=\"font-family: arial,helvetica,sans-serif; font-size: small;\">Ins Auge gefasst worden ist zuvor die Streichung von 500 Studienpl\u00e4tzen und eine st\u00e4rkere Profilbildung der Musikhochschullandschaft. Betroffen w\u00e4ren vor allem die Hochschulen Mannheim und Trossingen. An beiden Standorten w\u00e4re vorgesehen, die Abteilungen zur Ausbildung von Orchestermusikerinnen und Orchestermusikern zu schliessen.<em> (cf)<\/em><\/span><\/p>\n<p>\u00a0<\/p>\n","protected":false},"excerpt":{"rendered":"<p><span style=\"font-family: arial,helvetica,sans-serif; font-size: small;\">20.11.2014 &#8212; Nachdem den Musikhochschulen in Baden-W\u00fcrttemberg in den letzten eineinhalb Jahren erhebliche finanzielle K\u00fcrzungen angedroht wurden, sollen deren Mittel nun aufgestockt werden.<\/span><\/p>\n","protected":false},"author":1,"featured_media":0,"comment_status":"open","ping_status":"open","sticky":false,"template":"","format":"standard","meta":{"footnotes":""},"categories":[2],"tags":[],"class_list":["post-1898","post","type-post","status-publish","format-standard","hentry","category-nachrichten","entry"],"_links":{"self":[{"href":"https:\/\/codexflores.ch\/index.php\/wp-json\/wp\/v2\/posts\/1898","targetHints":{"allow":["GET"]}}],"collection":[{"href":"https:\/\/codexflores.ch\/index.php\/wp-json\/wp\/v2\/posts"}],"about":[{"href":"https:\/\/codexflores.ch\/index.php\/wp-json\/wp\/v2\/types\/post"}],"author":[{"embeddable":true,"href":"https:\/\/codexflores.ch\/index.php\/wp-json\/wp\/v2\/users\/1"}],"replies":[{"embeddable":true,"href":"https:\/\/codexflores.ch\/index.php\/wp-json\/wp\/v2\/comments?post=1898"}],"version-history":[{"count":0,"href":"https:\/\/codexflores.ch\/index.php\/wp-json\/wp\/v2\/posts\/1898\/revisions"}],"wp:attachment":[{"href":"https:\/\/codexflores.ch\/index.php\/wp-json\/wp\/v2\/media?parent=1898"}],"wp:term":[{"taxonomy":"category","embeddable":true,"href":"https:\/\/codexflores.ch\/index.php\/wp-json\/wp\/v2\/categories?post=1898"},{"taxonomy":"post_tag","embeddable":true,"href":"https:\/\/codexflores.ch\/index.php\/wp-json\/wp\/v2\/tags?post=1898"}],"curies":[{"name":"wp","href":"https:\/\/api.w.org\/{rel}","templated":true}]}}