{"id":190,"date":"2014-01-10T07:09:32","date_gmt":"2014-01-10T07:09:32","guid":{"rendered":"https:\/\/codexflores.ch\/index.php\/2014\/01\/10\/tod-der-wagner-urenkelin-iris-wagner\/"},"modified":"2014-01-10T07:09:32","modified_gmt":"2014-01-10T07:09:32","slug":"tod-der-wagner-urenkelin-iris-wagner","status":"publish","type":"post","link":"https:\/\/codexflores.ch\/index.php\/2014\/01\/10\/tod-der-wagner-urenkelin-iris-wagner\/","title":{"rendered":"Tod der Wagner-Urenkelin Iris Wagner"},"content":{"rendered":"<p><em>10.01.2014 &#8212;<\/em> Laut einem Bericht der deutschen Zeitung <em>Die Welt<\/em> ist Iris Wagner, die Urenkelin des Komponisten Richard Wagner und Tochter Wieland Wagners, im Alter von 71 Jahren nach schwerer Krankheit verstorben. Sie galt als scharfe Kritikerin der\u00a0Pl\u00e4ne zur Restaurierung und Erweiterung des Hauses Wahnfried in Bayreuth.<\/p>\n<p><strong><em>10.01.2014 &#8212;<\/em> Laut einem Bericht der deutschen Zeitung <em>Die Welt<\/em> ist Iris Wagner, die Urenkelin des Komponisten Richard Wagner und Tochter Wieland Wagners, im Alter von 71 Jahren nach schwerer Krankheit verstorben. Sie galt als scharfe Kritikerin der\u00a0Pl\u00e4ne zur Restaurierung und Erweiterung des Hauses Wahnfried in Bayreuth.<\/strong><\/p>\n<p>\u00a0<\/p>\n<p>Iris Wagner hatte Germanistik studiert und sass im Stiftungsrat der 1973 gegr\u00fcndeten Richard-Wagner-Stiftung. 2012 wandte sie sich \u00f6ffentlich gegen Pl\u00e4ne, im Garten des Hauses Wahnfreid, des f\u00fcheren Wohnhauses der Familie Wagner, ein Caf\u00e9 zu errichten. Ein solches wurde auch nie realisiert.<em> (cf)<\/em><\/p>\n<div class=\"widget code html   \">\n<div class=\"googleAdsense\">\u00a0<\/div>\n<\/p><\/div>\n<p id=\"p1\" class=\"prefix_2 text artContent\">\u00a0<\/p>\n","protected":false},"excerpt":{"rendered":"<p><em>10.01.2014 &#8212;<\/em> Laut einem Bericht der deutschen Zeitung <em>Die Welt<\/em> ist Iris Wagner, die Urenkelin des Komponisten Richard Wagner und Tochter Wieland Wagners, im Alter von 71 Jahren nach schwerer Krankheit verstorben. Sie galt als scharfe Kritikerin der\u00a0Pl\u00e4ne zur Restaurierung und Erweiterung des Hauses Wahnfried in Bayreuth.<\/p>\n","protected":false},"author":1,"featured_media":0,"comment_status":"open","ping_status":"open","sticky":false,"template":"","format":"standard","meta":{"footnotes":""},"categories":[2],"tags":[],"class_list":["post-190","post","type-post","status-publish","format-standard","hentry","category-nachrichten","entry"],"_links":{"self":[{"href":"https:\/\/codexflores.ch\/index.php\/wp-json\/wp\/v2\/posts\/190","targetHints":{"allow":["GET"]}}],"collection":[{"href":"https:\/\/codexflores.ch\/index.php\/wp-json\/wp\/v2\/posts"}],"about":[{"href":"https:\/\/codexflores.ch\/index.php\/wp-json\/wp\/v2\/types\/post"}],"author":[{"embeddable":true,"href":"https:\/\/codexflores.ch\/index.php\/wp-json\/wp\/v2\/users\/1"}],"replies":[{"embeddable":true,"href":"https:\/\/codexflores.ch\/index.php\/wp-json\/wp\/v2\/comments?post=190"}],"version-history":[{"count":0,"href":"https:\/\/codexflores.ch\/index.php\/wp-json\/wp\/v2\/posts\/190\/revisions"}],"wp:attachment":[{"href":"https:\/\/codexflores.ch\/index.php\/wp-json\/wp\/v2\/media?parent=190"}],"wp:term":[{"taxonomy":"category","embeddable":true,"href":"https:\/\/codexflores.ch\/index.php\/wp-json\/wp\/v2\/categories?post=190"},{"taxonomy":"post_tag","embeddable":true,"href":"https:\/\/codexflores.ch\/index.php\/wp-json\/wp\/v2\/tags?post=190"}],"curies":[{"name":"wp","href":"https:\/\/api.w.org\/{rel}","templated":true}]}}