{"id":1902,"date":"2014-11-21T07:52:26","date_gmt":"2014-11-21T07:52:26","guid":{"rendered":"https:\/\/codexflores.ch\/index.php\/2014\/11\/21\/john-axelrod-wird-musikdirektor-in-sevilla\/"},"modified":"2014-11-21T07:52:26","modified_gmt":"2014-11-21T07:52:26","slug":"john-axelrod-wird-musikdirektor-in-sevilla","status":"publish","type":"post","link":"https:\/\/codexflores.ch\/index.php\/2014\/11\/21\/john-axelrod-wird-musikdirektor-in-sevilla\/","title":{"rendered":"John Axelrod wird Musikdirektor in Sevilla"},"content":{"rendered":"<p><span style=\"font-family: arial,helvetica,sans-serif; font-size: small;\">21.11.2014 &#8212; John Axelrod, der fr\u00fchere Chefdirigent der Luzerner Sinfonieorchesters, wird laut einer Meldung des Fachmagazins <em>Resmusica<\/em> musikalischer Leiter des Real Orquesta Sinfonica de Sevilla.<\/span><\/p>\n<p><span style=\"font-family: arial,helvetica,sans-serif; font-size: small;\"><strong>21.11.2014 &#8212; John Axelrod, der fr\u00fchere Chefdirigent der Luzerner Sinfonieorchesters, wird laut einer Meldung des Fachmagazins <em>Resmusica<\/em> musikalischer Leiter des Real Orquesta Sinfonica de Sevilla.<\/strong><\/span><\/p>\n<p><span style=\"font-family: arial,helvetica,sans-serif; font-size: small;\">\u00a0<\/span><\/p>\n<p><span style=\"font-family: arial,helvetica,sans-serif; font-size: small;\">Zur Zeit ist der 1966 in Texas geborene Axelrod Principal Conductor des Orchestra Sinfonica di Milano. In Luzern wirkte er von 2004 bis 2009. Danach war er Musikalischer Leiter des L\u2019Orchestre National des Pays de la Loire (ONPL).<\/span><\/p>\n<p><span style=\"font-family: arial,helvetica,sans-serif; font-size: small;\">\u00a0<\/span><\/p>\n<p><span style=\"font-family: arial,helvetica,sans-serif; font-size: small;\">Das 1990 gegr\u00fcndete Real Orquesta Sinfonica de Sevilla hat seine Heimst\u00e4tte im Teatro de la Maestranza in Sevilla. Sein erster Musikalischer Leiter war Vjekoslav \u0160utej. Auf ihn folgten Klaus Weise und lain Lombard. Zur Zeit f\u00fchrt der Dirigent Pedro Halffter das Ensemble.<\/span><\/p>\n<p><span style=\"font-family: arial,helvetica,sans-serif; font-size: small;\">\u00a0<\/span><\/p>\n<p><span style=\"font-family: arial,helvetica,sans-serif; font-size: small;\"><span style=\"font-family: arial,helvetica,sans-serif; font-size: small;\">Das Orchester hatte international Aufsehen erregt, weil es mit einer Aktion offen gegen die Ernennung Halffters protestiert hatte. Es gab damit der \u00dcberzeugung Ausdruck, dass seine Ernennung Folge nepotistischer Strukturen und nicht Wille des Ensembles war.\u00a0 <\/span><em>(cf)<\/em><\/span><\/p>\n","protected":false},"excerpt":{"rendered":"<p><span style=\"font-family: arial,helvetica,sans-serif; font-size: small;\">21.11.2014 &#8212; John Axelrod, der fr\u00fchere Chefdirigent der Luzerner Sinfonieorchesters, wird laut einer Meldung des Fachmagazins <em>Resmusica<\/em> musikalischer Leiter des Real Orquesta Sinfonica de Sevilla.<\/span><\/p>\n","protected":false},"author":1,"featured_media":0,"comment_status":"open","ping_status":"open","sticky":false,"template":"","format":"standard","meta":{"footnotes":""},"categories":[2],"tags":[],"class_list":["post-1902","post","type-post","status-publish","format-standard","hentry","category-nachrichten","entry"],"_links":{"self":[{"href":"https:\/\/codexflores.ch\/index.php\/wp-json\/wp\/v2\/posts\/1902","targetHints":{"allow":["GET"]}}],"collection":[{"href":"https:\/\/codexflores.ch\/index.php\/wp-json\/wp\/v2\/posts"}],"about":[{"href":"https:\/\/codexflores.ch\/index.php\/wp-json\/wp\/v2\/types\/post"}],"author":[{"embeddable":true,"href":"https:\/\/codexflores.ch\/index.php\/wp-json\/wp\/v2\/users\/1"}],"replies":[{"embeddable":true,"href":"https:\/\/codexflores.ch\/index.php\/wp-json\/wp\/v2\/comments?post=1902"}],"version-history":[{"count":0,"href":"https:\/\/codexflores.ch\/index.php\/wp-json\/wp\/v2\/posts\/1902\/revisions"}],"wp:attachment":[{"href":"https:\/\/codexflores.ch\/index.php\/wp-json\/wp\/v2\/media?parent=1902"}],"wp:term":[{"taxonomy":"category","embeddable":true,"href":"https:\/\/codexflores.ch\/index.php\/wp-json\/wp\/v2\/categories?post=1902"},{"taxonomy":"post_tag","embeddable":true,"href":"https:\/\/codexflores.ch\/index.php\/wp-json\/wp\/v2\/tags?post=1902"}],"curies":[{"name":"wp","href":"https:\/\/api.w.org\/{rel}","templated":true}]}}