{"id":1903,"date":"2014-11-21T08:07:44","date_gmt":"2014-11-21T08:07:44","guid":{"rendered":"https:\/\/codexflores.ch\/index.php\/2014\/11\/21\/weilerstein-leiter-des-orchestre-de-chambre-de-lausanne\/"},"modified":"2014-11-21T08:07:44","modified_gmt":"2014-11-21T08:07:44","slug":"weilerstein-leiter-des-orchestre-de-chambre-de-lausanne","status":"publish","type":"post","link":"https:\/\/codexflores.ch\/index.php\/2014\/11\/21\/weilerstein-leiter-des-orchestre-de-chambre-de-lausanne\/","title":{"rendered":"Weilerstein Leiter des Orchestre de Chambre de Lausanne"},"content":{"rendered":"<p><span style=\"font-family: arial,helvetica,sans-serif; font-size: small;\">21.11.2014 &#8212; Joshua Weilerstein wird auf die Saison 2105\/16 K\u00fcnstlerischer Leiter des Orchestre de Chambre de Lausanne. Sein Vertrag l\u00e4uft vorerst \u00fcber vier Jahre. Weilerstein wird pro Saison mindesens zwei Konzerte selber dirigieren, eine CD aufnehmen und eine Tournee begleiten.<\/span><\/p>\n<p><span style=\"font-family: arial,helvetica,sans-serif; font-size: small;\"><strong>21.11.2014 &#8212; Joshua Weilerstein wird auf die Saison 2105\/16 K\u00fcnstlerischer Leiter des Orchestre de Chambre de Lausanne. Sein Vertrag l\u00e4uft vorerst \u00fcber vier Jahre. Weilerstein wird pro Saison mindesens zwei Konzerte selber dirigieren, eine CD aufnehmen und eine Tournee begleiten.<\/strong><\/span><\/p>\n<p><span style=\"font-family: arial,helvetica,sans-serif; font-size: small;\">\u00a0<\/span><\/p>\n<p><span style=\"font-family: arial,helvetica,sans-serif; font-size: small;\">Joshua Weilerstein hat am New England Conservatory in Boston Dirigieren und Violine studiert. Bereits kurz nach seinem Master wurde er im Mai 2011 einer der beiden Assistant Conductors beim New York Philharmonic. <span style=\"font-family: arial,helvetica,sans-serif; font-size: small;\"> Internationale Aufmerksamkeit errang er, als er 2009 beim Malko Wettbewerb f\u00fcr junge Dirigenten in Kopenhagen sowohl den Ersten Preis als auch den Publikumspreis gewann.<\/span><\/span><\/p>\n<p><span style=\"font-family: arial,helvetica,sans-serif; font-size: small;\">\u00a0<\/span><\/p>\n<p><span style=\"font-family: arial,helvetica,sans-serif; font-size: small;\">2009 und 2010 arbeitete er mit dem fr\u00fcheren Chefdirigenten des Z\u00fcrcher Tonhalle David Zinman beim Aspen Music Festival. Im Sommer 2012 kehrte er als Dirigent des Festivalorchesters dorthin zur\u00fcck. <em>(cf)<\/em><\/span><\/p>\n","protected":false},"excerpt":{"rendered":"<p><span style=\"font-family: arial,helvetica,sans-serif; font-size: small;\">21.11.2014 &#8212; Joshua Weilerstein wird auf die Saison 2105\/16 K\u00fcnstlerischer Leiter des Orchestre de Chambre de Lausanne. Sein Vertrag l\u00e4uft vorerst \u00fcber vier Jahre. Weilerstein wird pro Saison mindesens zwei Konzerte selber dirigieren, eine CD aufnehmen und eine Tournee begleiten.<\/span><\/p>\n","protected":false},"author":1,"featured_media":0,"comment_status":"open","ping_status":"open","sticky":false,"template":"","format":"standard","meta":{"footnotes":""},"categories":[2],"tags":[],"class_list":["post-1903","post","type-post","status-publish","format-standard","hentry","category-nachrichten","entry"],"_links":{"self":[{"href":"https:\/\/codexflores.ch\/index.php\/wp-json\/wp\/v2\/posts\/1903","targetHints":{"allow":["GET"]}}],"collection":[{"href":"https:\/\/codexflores.ch\/index.php\/wp-json\/wp\/v2\/posts"}],"about":[{"href":"https:\/\/codexflores.ch\/index.php\/wp-json\/wp\/v2\/types\/post"}],"author":[{"embeddable":true,"href":"https:\/\/codexflores.ch\/index.php\/wp-json\/wp\/v2\/users\/1"}],"replies":[{"embeddable":true,"href":"https:\/\/codexflores.ch\/index.php\/wp-json\/wp\/v2\/comments?post=1903"}],"version-history":[{"count":0,"href":"https:\/\/codexflores.ch\/index.php\/wp-json\/wp\/v2\/posts\/1903\/revisions"}],"wp:attachment":[{"href":"https:\/\/codexflores.ch\/index.php\/wp-json\/wp\/v2\/media?parent=1903"}],"wp:term":[{"taxonomy":"category","embeddable":true,"href":"https:\/\/codexflores.ch\/index.php\/wp-json\/wp\/v2\/categories?post=1903"},{"taxonomy":"post_tag","embeddable":true,"href":"https:\/\/codexflores.ch\/index.php\/wp-json\/wp\/v2\/tags?post=1903"}],"curies":[{"name":"wp","href":"https:\/\/api.w.org\/{rel}","templated":true}]}}