{"id":1905,"date":"2014-11-24T06:27:24","date_gmt":"2014-11-24T06:27:24","guid":{"rendered":"https:\/\/codexflores.ch\/index.php\/2014\/11\/24\/mueller-preis-fuer-filmmusik-geht-an-eisenreich\/"},"modified":"2014-11-24T06:27:24","modified_gmt":"2014-11-24T06:27:24","slug":"mueller-preis-fuer-filmmusik-geht-an-eisenreich","status":"publish","type":"post","link":"https:\/\/codexflores.ch\/index.php\/2014\/11\/24\/mueller-preis-fuer-filmmusik-geht-an-eisenreich\/","title":{"rendered":"M\u00fcller-Preis f\u00fcr Filmmusik geht an Martina Eisenreich"},"content":{"rendered":"<p><span style=\"font-family: arial,helvetica,sans-serif; font-size: small;\">24.11.2014 &#8212; Der mit 10&#8217;000 Euro dotierte Rolf-Hans M\u00fcller Preis f\u00fcr Filmmusik 2014 ist der in Bockhorn lebenden Komponistin Martina Eisenreich \u00fcberreicht worden. Sie hat die Auszeichnung f\u00fcr die Musik zum Film \u00abBe My Baby\u00bb erhalten.<\/span><\/p>\n<p><span style=\"font-family: arial,helvetica,sans-serif; font-size: small;\"><strong>24.11.2014 &#8212; Der mit 10&#8217;000 Euro dotierte Rolf-Hans M\u00fcller Preis f\u00fcr Filmmusik 2014 ist der in Bockhorn lebenden Komponistin Martina Eisenreich \u00fcberreicht worden. Sie hat die Auszeichnung f\u00fcr die Musik zum Film \u00abBe My Baby\u00bb erhalten.<\/strong><\/span><\/p>\n<p><span style=\"font-size: small; font-family: arial,helvetica,sans-serif;\">\u00a0<\/span><\/p>\n<p><span style=\"font-family: arial,helvetica,sans-serif; font-size: small;\">Martina Eisenreich, 1981 in Erding geboren, wurde im Alter von 15 Jahren an der Hochschule f\u00fcr Musik und Theater M\u00fcnchen als Jungstudentin f\u00fcr klassische Komposition aufgenommen und absolvierte dar\u00fcber hinaus ihre Studien in den F\u00e4chern Violine, Filmmusik und Sounddesign. Als Komponistin, Multiinstrumentalistin und Geigerin gilt sie laut SWR in der europ\u00e4ischen Konzertszene durch ihre ausdrucksstarke Improvisation und unverwechselbare Klangvielfalt als Ausnahmeerscheinung. Sie ist Dozentin f\u00fcr Filmmusik an der Hochschule f\u00fcr Fernsehen und Film M\u00fcnchen.<\/span><\/p>\n<p><span style=\"font-family: arial,helvetica,sans-serif; font-size: small;\">\u00a0<\/span><\/p>\n<p><span style=\"font-family: arial,helvetica,sans-serif; font-size: small;\">Mit dem Rolf-Hans-M\u00fcller-Preis f\u00fcr Filmmusik werden seit 1992 alle zwei Jahre Komponisten f\u00fcr ihre herausragende Filmmusik geehrt. Gestiftet wird der vom S\u00fcdwestrundfunk ausgerichtete Preis von der Rolf-Hans M\u00fcller Stiftung Baden-Baden und der MFG Medien- und Filmgesellschaft Baden-W\u00fcrttemberg. Rolf-Hans M\u00fcller war als Dirigent, Komponist und Arrangeur dem fr\u00fcheren SWF (heute SWR) jahrelang eng verbunden.<em> (cf)<\/em><\/span><\/p>\n<p>\u00a0<\/p>\n","protected":false},"excerpt":{"rendered":"<p><span style=\"font-family: arial,helvetica,sans-serif; font-size: small;\">24.11.2014 &#8212; Der mit 10&#8217;000 Euro dotierte Rolf-Hans M\u00fcller Preis f\u00fcr Filmmusik 2014 ist der in Bockhorn lebenden Komponistin Martina Eisenreich \u00fcberreicht worden. Sie hat die Auszeichnung f\u00fcr die Musik zum Film \u00abBe My Baby\u00bb erhalten.<\/span><\/p>\n","protected":false},"author":1,"featured_media":0,"comment_status":"open","ping_status":"open","sticky":false,"template":"","format":"standard","meta":{"footnotes":""},"categories":[2],"tags":[],"class_list":["post-1905","post","type-post","status-publish","format-standard","hentry","category-nachrichten","entry"],"_links":{"self":[{"href":"https:\/\/codexflores.ch\/index.php\/wp-json\/wp\/v2\/posts\/1905","targetHints":{"allow":["GET"]}}],"collection":[{"href":"https:\/\/codexflores.ch\/index.php\/wp-json\/wp\/v2\/posts"}],"about":[{"href":"https:\/\/codexflores.ch\/index.php\/wp-json\/wp\/v2\/types\/post"}],"author":[{"embeddable":true,"href":"https:\/\/codexflores.ch\/index.php\/wp-json\/wp\/v2\/users\/1"}],"replies":[{"embeddable":true,"href":"https:\/\/codexflores.ch\/index.php\/wp-json\/wp\/v2\/comments?post=1905"}],"version-history":[{"count":0,"href":"https:\/\/codexflores.ch\/index.php\/wp-json\/wp\/v2\/posts\/1905\/revisions"}],"wp:attachment":[{"href":"https:\/\/codexflores.ch\/index.php\/wp-json\/wp\/v2\/media?parent=1905"}],"wp:term":[{"taxonomy":"category","embeddable":true,"href":"https:\/\/codexflores.ch\/index.php\/wp-json\/wp\/v2\/categories?post=1905"},{"taxonomy":"post_tag","embeddable":true,"href":"https:\/\/codexflores.ch\/index.php\/wp-json\/wp\/v2\/tags?post=1905"}],"curies":[{"name":"wp","href":"https:\/\/api.w.org\/{rel}","templated":true}]}}