{"id":1906,"date":"2014-11-24T07:23:33","date_gmt":"2014-11-24T07:23:33","guid":{"rendered":"https:\/\/codexflores.ch\/index.php\/2014\/11\/24\/zuercher-rektor-praesidiert-europaeische-hochschulliga\/"},"modified":"2014-11-24T07:23:33","modified_gmt":"2014-11-24T07:23:33","slug":"zuercher-rektor-praesidiert-europaeische-hochschulliga","status":"publish","type":"post","link":"https:\/\/codexflores.ch\/index.php\/2014\/11\/24\/zuercher-rektor-praesidiert-europaeische-hochschulliga\/","title":{"rendered":"Z\u00fcrcher Rektor pr\u00e4sidiert europ\u00e4ische Hochschulliga"},"content":{"rendered":"<p><span style=\"font-family: arial,helvetica,sans-serif; font-size: small;\">24.11.2014 &#8212; Thomas D. Meier, Rektor der Z\u00fcrcher Hochschule der K\u00fcnste ZHdK, ist im britischen Glasgow zum Pr\u00e4sidenten von ELIA (European League of Institutes of the Arts), der Vereinigung der Kunsthochschulen Europas, gew\u00e4hlt worden.<\/span><\/p>\n<p><span style=\"font-family: arial,helvetica,sans-serif; font-size: small;\"><strong>24.11.2014 &#8212; Thomas D. Meier, Rektor der Z\u00fcrcher Hochschule der K\u00fcnste ZHdK, ist im britischen Glasgow zum Pr\u00e4sidenten von ELIA (European League of Institutes of the Arts), der Vereinigung der Kunsthochschulen Europas, gew\u00e4hlt worden.<\/strong><\/span><\/p>\n<p>\u00a0<\/p>\n<div class=\"text-section\">\n<p><span style=\"font-family: arial,helvetica,sans-serif; font-size: small;\">Gew\u00e4hlt wurde Thomas D. Meier vom 23-k\u00f6pfigen Board von ELIA, das aus Vertreterinnen und Vertretern von Kunsthochschulen aus ganz Europa besteht. Meier tritt sein Amt mit sofortiger Wirkung an. <\/span><\/p>\n<p>\u00a0<\/p>\n<p><span style=\"font-family: arial,helvetica,sans-serif; font-size: small;\">Das ELIA-Netzwerk z\u00e4hlt mehr als 300 Mitglieder aus rund 50 L\u00e4ndern, vertritt mehr als 300\u2019000 Studierende und ist verbunden mit vergleichbaren Organisationen in Asien und Amerika.<\/span><\/p>\n<p>\u00a0<\/p>\n<p><span style=\"font-family: arial,helvetica,sans-serif; font-size: small;\">F\u00fcr die Schweiz sei die Wahl ein positives Signal, schreibt die ZHdK. Dem grossen europ\u00e4ischen Netzwerk stehe damit erstmals ein Pr\u00e4sident aus einem Nicht-EU-Land vor. Der neue Campus im Toni-Areal habe dabei eine nicht unwesentliche Rolle gespielt. Meier setzt sich unter anderem zum Ziel, den ELIA-Kongress 2018 nach Z\u00fcrich ins Toni-Areal zu holen. Der letzte ELIA-Kongress in der Schweiz fand 2004 in Luzern statt. <em>(cf)<\/em><\/span><\/p>\n<\/p><\/div>\n<p>\u00a0<\/p>\n","protected":false},"excerpt":{"rendered":"<p><span style=\"font-family: arial,helvetica,sans-serif; font-size: small;\">24.11.2014 &#8212; Thomas D. Meier, Rektor der Z\u00fcrcher Hochschule der K\u00fcnste ZHdK, ist im britischen Glasgow zum Pr\u00e4sidenten von ELIA (European League of Institutes of the Arts), der Vereinigung der Kunsthochschulen Europas, gew\u00e4hlt worden.<\/span><\/p>\n","protected":false},"author":1,"featured_media":0,"comment_status":"open","ping_status":"open","sticky":false,"template":"","format":"standard","meta":{"footnotes":""},"categories":[2],"tags":[],"class_list":["post-1906","post","type-post","status-publish","format-standard","hentry","category-nachrichten","entry"],"_links":{"self":[{"href":"https:\/\/codexflores.ch\/index.php\/wp-json\/wp\/v2\/posts\/1906","targetHints":{"allow":["GET"]}}],"collection":[{"href":"https:\/\/codexflores.ch\/index.php\/wp-json\/wp\/v2\/posts"}],"about":[{"href":"https:\/\/codexflores.ch\/index.php\/wp-json\/wp\/v2\/types\/post"}],"author":[{"embeddable":true,"href":"https:\/\/codexflores.ch\/index.php\/wp-json\/wp\/v2\/users\/1"}],"replies":[{"embeddable":true,"href":"https:\/\/codexflores.ch\/index.php\/wp-json\/wp\/v2\/comments?post=1906"}],"version-history":[{"count":0,"href":"https:\/\/codexflores.ch\/index.php\/wp-json\/wp\/v2\/posts\/1906\/revisions"}],"wp:attachment":[{"href":"https:\/\/codexflores.ch\/index.php\/wp-json\/wp\/v2\/media?parent=1906"}],"wp:term":[{"taxonomy":"category","embeddable":true,"href":"https:\/\/codexflores.ch\/index.php\/wp-json\/wp\/v2\/categories?post=1906"},{"taxonomy":"post_tag","embeddable":true,"href":"https:\/\/codexflores.ch\/index.php\/wp-json\/wp\/v2\/tags?post=1906"}],"curies":[{"name":"wp","href":"https:\/\/api.w.org\/{rel}","templated":true}]}}