{"id":1908,"date":"2014-11-25T06:45:23","date_gmt":"2014-11-25T06:45:23","guid":{"rendered":"https:\/\/codexflores.ch\/index.php\/2014\/11\/25\/opernkonferenz-will-gmd-in-die-pflicht-nehmen\/"},"modified":"2014-11-25T06:45:23","modified_gmt":"2014-11-25T06:45:23","slug":"opernkonferenz-will-gmd-in-die-pflicht-nehmen","status":"publish","type":"post","link":"https:\/\/codexflores.ch\/index.php\/2014\/11\/25\/opernkonferenz-will-gmd-in-die-pflicht-nehmen\/","title":{"rendered":"Opernkonferenz will GMD in die Pflicht nehmen"},"content":{"rendered":"<p><span style=\"color: black; font-family: arial,helvetica,sans-serif; font-size: small;\">25.11.2014 &#8212; Die Deutschsprachige Opernkonferenz hat sich mit GMD-Vertr\u00e4gen befasst. Sie moniert, dass manche Generalmusikdirektoren zu wenig in der Oper dirigierten, zu kurze Anwesenheitszeiten h\u00e4tten und sich zu viel in die Gestaltung von Spielpl\u00e4nen sowie in Besetzungsfragen einmischten.<\/span><\/p>\n<p><span style=\"color: black; font-family: arial,helvetica,sans-serif; font-size: small;\"><strong>25.11.2014 &#8212; <span style=\"color: black;\">Die Deutschsprachige Opernkonferenz hat sich mit GMD-Vertr\u00e4gen befasst. Sie moniert, dass manche Generalmusikdirektoren zu wenig in der Oper dirigierten, zu kurze Anwesenheitszeiten h\u00e4tten und sich zu viel in die Gestaltung von Spielpl\u00e4nen sowie in Besetzungsfragen einmischten.<\/span><\/strong><br \/><\/span><\/p>\n<p><span style=\"color: black; font-family: arial,helvetica,sans-serif; font-size: small;\">\u00a0<\/span><\/p>\n<p><span style=\"color: black; font-family: arial,helvetica,sans-serif; font-size: small;\"><span style=\"color: black;\">Mit zum Beispiel 15 Operndirigaten j\u00e4hrlich und einer Anwesenheitszeit von vier Monaten am Sitz des Orchesters k\u00f6nne man, so die Opernkonferenz, keine kontinuierliche Ensemble- und Repertoirearbeit leisten. An Spielplan- oder Besetzungsentscheidungen m\u00fcsse man die Generalmusikdirektoren zwar beteiligen, das Letztentscheidungsrecht m\u00fcsse aber beim Intendanten liegen, der f\u00fcr das k\u00fcnstlerische Profil die Verantwortung trage. Mittlerweile w\u00fcrden gar auch f\u00fcr kleinere H\u00e4user die Vertr\u00e4ge mit den Generalmusikdirektoren nicht in jeder Beziehung sachgerecht gestaltet.<\/span><\/span><\/p>\n<p><span style=\"color: black;\"><span style=\"color: black;\"><span style=\"font-family: arial,helvetica,sans-serif; font-size: small;\">\u00a0<\/span><\/span><\/span><\/p>\n<p><span style=\"color: black;\"><span style=\"color: black;\"><span style=\"font-family: arial,helvetica,sans-serif; font-size: small;\">Das diesj\u00e4hrige Herbsttreffen der Deutschsprachigen Opernkonferenz ist in der Hamburgischen Staatsoper \u00fcber die B\u00fchne gegangen. Der 1957 gegr\u00fcndeten Opernkonferenz geh\u00f6ren die drei Berliner Opernh\u00e4user, die Opernh\u00e4user in Dresden, Leipzig, K\u00f6ln, M\u00fcnchen, Stuttgart, Frankfurt und Hamburg sowie die Deutsche Oper am Rhein an. Hinzu kommen das Opernhaus Z\u00fcrich und die Staatsoper Wien sowie als assoziierte Mitglieder die Royal Opera House Covent Garden in London und die Pariser Oper. An dem diesj\u00e4hrigen Treffen hat auch ein Vertreter der Mail\u00e4nder Scala teilgenommen. <em>(cf)<\/em><\/span> <br \/> <\/span><\/span><\/p>\n<p>\u00a0<\/p>\n","protected":false},"excerpt":{"rendered":"<p><span style=\"color: black; font-family: arial,helvetica,sans-serif; font-size: small;\">25.11.2014 &#8212; Die Deutschsprachige Opernkonferenz hat sich mit GMD-Vertr\u00e4gen befasst. Sie moniert, dass manche Generalmusikdirektoren zu wenig in der Oper dirigierten, zu kurze Anwesenheitszeiten h\u00e4tten und sich zu viel in die Gestaltung von Spielpl\u00e4nen sowie in Besetzungsfragen einmischten.<\/span><\/p>\n","protected":false},"author":1,"featured_media":0,"comment_status":"open","ping_status":"open","sticky":false,"template":"","format":"standard","meta":{"footnotes":""},"categories":[2],"tags":[],"class_list":["post-1908","post","type-post","status-publish","format-standard","hentry","category-nachrichten","entry"],"_links":{"self":[{"href":"https:\/\/codexflores.ch\/index.php\/wp-json\/wp\/v2\/posts\/1908","targetHints":{"allow":["GET"]}}],"collection":[{"href":"https:\/\/codexflores.ch\/index.php\/wp-json\/wp\/v2\/posts"}],"about":[{"href":"https:\/\/codexflores.ch\/index.php\/wp-json\/wp\/v2\/types\/post"}],"author":[{"embeddable":true,"href":"https:\/\/codexflores.ch\/index.php\/wp-json\/wp\/v2\/users\/1"}],"replies":[{"embeddable":true,"href":"https:\/\/codexflores.ch\/index.php\/wp-json\/wp\/v2\/comments?post=1908"}],"version-history":[{"count":0,"href":"https:\/\/codexflores.ch\/index.php\/wp-json\/wp\/v2\/posts\/1908\/revisions"}],"wp:attachment":[{"href":"https:\/\/codexflores.ch\/index.php\/wp-json\/wp\/v2\/media?parent=1908"}],"wp:term":[{"taxonomy":"category","embeddable":true,"href":"https:\/\/codexflores.ch\/index.php\/wp-json\/wp\/v2\/categories?post=1908"},{"taxonomy":"post_tag","embeddable":true,"href":"https:\/\/codexflores.ch\/index.php\/wp-json\/wp\/v2\/tags?post=1908"}],"curies":[{"name":"wp","href":"https:\/\/api.w.org\/{rel}","templated":true}]}}