{"id":1909,"date":"2014-11-25T06:56:38","date_gmt":"2014-11-25T06:56:38","guid":{"rendered":"https:\/\/codexflores.ch\/index.php\/2014\/11\/25\/auseinandersetzung-um-sibelius-walzer-in-wien\/"},"modified":"2014-11-25T06:56:38","modified_gmt":"2014-11-25T06:56:38","slug":"auseinandersetzung-um-sibelius-walzer-in-wien","status":"publish","type":"post","link":"https:\/\/codexflores.ch\/index.php\/2014\/11\/25\/auseinandersetzung-um-sibelius-walzer-in-wien\/","title":{"rendered":"Auseinandersetzung um Sibelius-Walzer in Wien"},"content":{"rendered":"<p><span style=\"font-family: arial,helvetica,sans-serif; font-size: small;\">25.11.2014 &#8212; Die Wiener Philharmoniker haben eine <em>Valse triste<\/em> des finnischen Komponisten Jan Sibelius aus dem Programm ihres Neujahrkonzerts 2015 gekippt, weil der zust\u00e4ndige Verlag inakzeptable Forderungen gestellt habe. Letzterer erkl\u00e4rt sich nun in einer Medienmitteilung. Er weist den Vorwurf zur\u00fcck.<\/span><\/p>\n<p><span style=\"font-family: arial,helvetica,sans-serif; font-size: small;\"><strong>25.11.2014 &#8212; Die Wiener Philharmoniker haben eine <em>Valse triste<\/em> des finnischen Komponisten Jan Sibelius aus dem Programm ihres Neujahrkonzerts 2015 gekippt, weil der zust\u00e4ndige Verlag inakzeptable Forderungen gestellt habe. Letzterer erkl\u00e4rt sich nun in einer Medienmitteilung. Er weist den Vorwurf zur\u00fcck.<\/strong><\/span><\/p>\n<p><span style=\"font-family: arial,helvetica,sans-serif; font-size: small;\">\u00a0<\/span><\/p>\n<p><span style=\"font-family: arial,helvetica,sans-serif; font-size: small;\">Der Verlag Breitkopf &amp; H\u00e4rtel schreibt, er habe \u00abein erstes, bereits moderates Angebot unterbreitet und dieses Angebot in Anerkennung des besonderen kulturellen Aspekts, der im Neujahrskonzert durch die Er\u00f6ffnung des Sibelius-Jahres gegeben war, noch einmal stark reduziert, ohne dass dies zu einer Einigung gef\u00fchrt hatte\u00bb.<\/span><\/p>\n<p><span style=\"font-family: arial,helvetica,sans-serif; font-size: small;\">\u00a0<\/span><\/p>\n<p><span style=\"font-family: arial,helvetica,sans-serif; font-size: small;\">Verhandlungsgegenstand sei lediglich das vom Verlag beanspruchte Lizenzentgelt f\u00fcr das Filmverwendungsrecht (das sogenannte \u00abSynchronization Right\u00bb) gewesen. Die Rechte zur \u00f6ffentlichen Auff\u00fchrung und zur Sendung (im H\u00f6rfunk, Fernsehen und so weiter) w\u00fcrden im Falle der<em> Valse triste <\/em>von Verwertungsgesellschaften wahrgenommen. Sie seien somit nicht Gegenstand des Vertragsangebots von Breitkopf &amp; H\u00e4rtel gewesen. <\/span><\/p>\n<p><span style=\"font-family: arial,helvetica,sans-serif; font-size: small;\">\u00a0<\/span><\/p>\n<p><span style=\"font-family: arial,helvetica,sans-serif; font-size: small;\">Auch Mietentgelte f\u00fcr das Notenmaterial w\u00e4ren nicht angefallen, da die Noten ausschliesslich k\u00e4uflich zu erwerben seien und in Deutschland und \u00d6sterreich der Preisbindung unterl\u00e4gen. <em>(cf)<\/em><\/span><\/p>\n<p><span style=\"font-family: arial,helvetica,sans-serif; font-size: small;\">\u00a0<\/span><\/p>\n","protected":false},"excerpt":{"rendered":"<p><span style=\"font-family: arial,helvetica,sans-serif; font-size: small;\">25.11.2014 &#8212; Die Wiener Philharmoniker haben eine <em>Valse triste<\/em> des finnischen Komponisten Jan Sibelius aus dem Programm ihres Neujahrkonzerts 2015 gekippt, weil der zust\u00e4ndige Verlag inakzeptable Forderungen gestellt habe. Letzterer erkl\u00e4rt sich nun in einer Medienmitteilung. Er weist den Vorwurf zur\u00fcck.<\/span><\/p>\n","protected":false},"author":1,"featured_media":0,"comment_status":"open","ping_status":"open","sticky":false,"template":"","format":"standard","meta":{"footnotes":""},"categories":[2],"tags":[],"class_list":["post-1909","post","type-post","status-publish","format-standard","hentry","category-nachrichten","entry"],"_links":{"self":[{"href":"https:\/\/codexflores.ch\/index.php\/wp-json\/wp\/v2\/posts\/1909","targetHints":{"allow":["GET"]}}],"collection":[{"href":"https:\/\/codexflores.ch\/index.php\/wp-json\/wp\/v2\/posts"}],"about":[{"href":"https:\/\/codexflores.ch\/index.php\/wp-json\/wp\/v2\/types\/post"}],"author":[{"embeddable":true,"href":"https:\/\/codexflores.ch\/index.php\/wp-json\/wp\/v2\/users\/1"}],"replies":[{"embeddable":true,"href":"https:\/\/codexflores.ch\/index.php\/wp-json\/wp\/v2\/comments?post=1909"}],"version-history":[{"count":0,"href":"https:\/\/codexflores.ch\/index.php\/wp-json\/wp\/v2\/posts\/1909\/revisions"}],"wp:attachment":[{"href":"https:\/\/codexflores.ch\/index.php\/wp-json\/wp\/v2\/media?parent=1909"}],"wp:term":[{"taxonomy":"category","embeddable":true,"href":"https:\/\/codexflores.ch\/index.php\/wp-json\/wp\/v2\/categories?post=1909"},{"taxonomy":"post_tag","embeddable":true,"href":"https:\/\/codexflores.ch\/index.php\/wp-json\/wp\/v2\/tags?post=1909"}],"curies":[{"name":"wp","href":"https:\/\/api.w.org\/{rel}","templated":true}]}}