{"id":1911,"date":"2014-11-25T07:37:33","date_gmt":"2014-11-25T07:37:33","guid":{"rendered":"https:\/\/codexflores.ch\/index.php\/2014\/11\/25\/zierhofer-kin-wird-intendant-der-wiener-festwochen\/"},"modified":"2014-11-25T07:37:33","modified_gmt":"2014-11-25T07:37:33","slug":"zierhofer-kin-wird-intendant-der-wiener-festwochen","status":"publish","type":"post","link":"https:\/\/codexflores.ch\/index.php\/2014\/11\/25\/zierhofer-kin-wird-intendant-der-wiener-festwochen\/","title":{"rendered":"Zierhofer-Kin wird Intendant der Wiener Festwochen"},"content":{"rendered":"<p><span style=\"font-family: arial,helvetica,sans-serif; font-size: small;\">25.11.2014 &#8212; Tomas Zierhofer-Kin wird als Nachfolger von Markus Hinterh\u00e4user ab 2016 Intendant der Wiener Festwochen. Das erste von ihm gestaltete Festival wird 2017 stattfinden. Sein Vertrag l\u00e4uft vorerst \u00fcber f\u00fcnf Jahre.<\/span><\/p>\n<p>\u00a0<\/p>\n<p><span style=\"font-family: arial,helvetica,sans-serif; font-size: small;\"><strong>25.11.2014 &#8212;\u00a0<span style=\"font-family: arial,helvetica,sans-serif; font-size: small;\">Tomas Zierhofer-Kin wird als Nachfolger von Markus Hinterh\u00e4user ab 2016 Intendant der Wiener Festwochen. Das erste von ihm gestaltete Festival wird 2017 stattfinden. Sein Vertrag l\u00e4uft vorerst \u00fcber f\u00fcnf Jahre.<\/span><\/strong><\/span><\/p>\n<p><span style=\"font-family: arial,helvetica,sans-serif; font-size: small;\"><strong><span style=\"font-family: arial,helvetica,sans-serif; font-size: small;\">\u00a0<\/span><\/strong><\/span><\/p>\n<p><span style=\"font-family: arial,helvetica,sans-serif; font-size: small;\">Nach den Festwochen von 2016 \u00fcbernimmt Tomas Zierhofer-Kin laut der Stadt Wien die Staffel von seinem Vorg\u00e4nger, der noch zwei Saisons in Wien gestaltet und danach nach Salzburg zur\u00fcckkehrt. Beworben um das Amt haben sich 16 Personen, haupts\u00e4chlich aus dem deutschsprachigen Raum. Eine Jury erarbeitete gemeinsam mit einer Personalberatung einen Besetzungsvorschlag f\u00fcr den Kulturstadtrat, der nach weiteren pers\u00f6nlichen Gespr\u00e4chen Tomas Zierhofer-Kin als zuk\u00fcnftigen Leiter der Wiener Festwochen berief.<\/span><\/p>\n<p>\u00a0<\/p>\n<p><span style=\"font-family: arial,helvetica,sans-serif; font-size: small;\">Tomas Zierhofer-Kin wurde in Salzburg geboren. Er studierte Komposition, Philosophie, Musikwissenschaft, Gesang und kulturelles Management in Wien und Salzburg. Von 1993 bis 2001 leitete er gemeinsam mit Markus Hinterh\u00e4user das Festival Zeitfluss im Rahmen der Salzburger Festspiele in der \u00c4ra Gerard <span lang=\"fr\">Mortier<\/span> und Hans Landesmann. Von 2002 bis 2004 entwickelte er wiederum zusammen mit Markus Hinterh\u00e4user die Programmreihe Zeit_Zone f\u00fcr die Wiener Festwochen unter Luc Bondy. <\/span><\/p>\n<p>\u00a0<\/p>\n<p><span style=\"font-family: arial,helvetica,sans-serif; font-size: small;\">Seit 2005 ist Zierhofer-Kin Intendant des Donaufestivals in Krems, das sich unter seiner k\u00fcnstlerischen Leitung international zu einem hochbeachteten, sparten\u00fcbergreifenden Festival f\u00fcr zeitgen\u00f6ssische Kunstformen entwickelte. Zum Mozartjahr 2006 leitete er zusammen mit Max Hollein das Festival Kontrakom in Salzburg. <em>(cf)<\/em><\/span><\/p>\n<p>\u00a0<\/p>\n<p>\u00a0<\/p>\n","protected":false},"excerpt":{"rendered":"<p><span style=\"font-family: arial,helvetica,sans-serif; font-size: small;\">25.11.2014 &#8212; Tomas Zierhofer-Kin wird als Nachfolger von Markus Hinterh\u00e4user ab 2016 Intendant der Wiener Festwochen. Das erste von ihm gestaltete Festival wird 2017 stattfinden. Sein Vertrag l\u00e4uft vorerst \u00fcber f\u00fcnf Jahre.<\/span><\/p>\n","protected":false},"author":1,"featured_media":0,"comment_status":"open","ping_status":"open","sticky":false,"template":"","format":"standard","meta":{"footnotes":""},"categories":[2],"tags":[],"class_list":["post-1911","post","type-post","status-publish","format-standard","hentry","category-nachrichten","entry"],"_links":{"self":[{"href":"https:\/\/codexflores.ch\/index.php\/wp-json\/wp\/v2\/posts\/1911","targetHints":{"allow":["GET"]}}],"collection":[{"href":"https:\/\/codexflores.ch\/index.php\/wp-json\/wp\/v2\/posts"}],"about":[{"href":"https:\/\/codexflores.ch\/index.php\/wp-json\/wp\/v2\/types\/post"}],"author":[{"embeddable":true,"href":"https:\/\/codexflores.ch\/index.php\/wp-json\/wp\/v2\/users\/1"}],"replies":[{"embeddable":true,"href":"https:\/\/codexflores.ch\/index.php\/wp-json\/wp\/v2\/comments?post=1911"}],"version-history":[{"count":0,"href":"https:\/\/codexflores.ch\/index.php\/wp-json\/wp\/v2\/posts\/1911\/revisions"}],"wp:attachment":[{"href":"https:\/\/codexflores.ch\/index.php\/wp-json\/wp\/v2\/media?parent=1911"}],"wp:term":[{"taxonomy":"category","embeddable":true,"href":"https:\/\/codexflores.ch\/index.php\/wp-json\/wp\/v2\/categories?post=1911"},{"taxonomy":"post_tag","embeddable":true,"href":"https:\/\/codexflores.ch\/index.php\/wp-json\/wp\/v2\/tags?post=1911"}],"curies":[{"name":"wp","href":"https:\/\/api.w.org\/{rel}","templated":true}]}}