{"id":1912,"date":"2014-11-25T09:27:30","date_gmt":"2014-11-25T09:27:30","guid":{"rendered":"https:\/\/codexflores.ch\/index.php\/2014\/11\/25\/renaud-capucon-leiter-der-sommets-musicaux-de-gstaad\/"},"modified":"2014-11-25T09:27:30","modified_gmt":"2014-11-25T09:27:30","slug":"renaud-capucon-leiter-der-sommets-musicaux-de-gstaad","status":"publish","type":"post","link":"https:\/\/codexflores.ch\/index.php\/2014\/11\/25\/renaud-capucon-leiter-der-sommets-musicaux-de-gstaad\/","title":{"rendered":"Renaud Capu\u00e7on Leiter der Sommets Musicaux de Gstaad"},"content":{"rendered":"<p><span style=\"font-family: arial,helvetica,sans-serif; font-size: small;\">25.11.2014 &#8212; Die Sommets Musicaux de Gstaad geben die Nominierung des franz\u00f6sischen Violinisten Renaud Capu\u00e7on zum ihrem neuen k\u00fcnstlerischen Leiter ab 2016 bekannt.<\/span><\/p>\n<p><span style=\"font-family: arial,helvetica,sans-serif; font-size: small;\"><strong>25.11.2014 &#8212;\u00a0<span style=\"font-family: arial,helvetica,sans-serif; font-size: small;\">Die Sommets Musicaux de Gstaad geben die Nominierung des franz\u00f6sischen Violinisten Renaud Capu\u00e7on zum ihrem neuen k\u00fcnstlerischen Leiter ab 2016 bekannt.<\/span><\/strong><\/span><\/p>\n<p><span style=\"font-family: arial,helvetica,sans-serif; font-size: small;\">\u00a0<\/span><\/p>\n<p><span style=\"font-family: arial,helvetica,sans-serif; font-size: small;\">Renaud Capu\u00e7on wird das Festival gemeinsam mit Ombretta Ravessoud leiten, der Mitbegr\u00fcnderin und Direktorin der Veranstaltung. Sein erstes Programm stellt er f\u00fcr die 16. Festivalausgabe vom 29. Januar bis 6. Februar 2016 zusammen.<\/span><\/p>\n<p><span style=\"font-family: arial,helvetica,sans-serif; font-size: small;\">\u00a0<\/span><\/p>\n<p><span style=\"font-family: arial,helvetica,sans-serif; font-size: small;\">Das 2001 gegr\u00fcndete und zur Zeit vom k\u00fcnstlerischen Leiter Thierry Scherz und der Direktorin Ombretta Ravessoud gef\u00fchrte Festival realisiert als Winteranlass drei Konzertzyklen. Die Nachmittagskonzerte in der Kapelle von Gstaad sind Nachwuchstalenten und jeweils einem bestimmten Instrument gewidmet. Abends spielen in den Kirchen von Saanen und Rougemont Solisten und Orchestern von internationalem Ruf.\u00a0<\/span><\/p>\n<p><span style=\"font-family: arial,helvetica,sans-serif; font-size: small;\">\u00a0<\/span><\/p>\n<p><span style=\"font-family: arial,helvetica,sans-serif; font-size: small;\">Renaud Capu\u00e7on hat am Pariser Conservatoire National Sup\u00e9rieur de Musique und bei Isaac Stern studiert. 1997 wurde er Konzertmeister des Gustav Mahler Jugendorchesters. Seine besondere Vorliebe f\u00fcr Kammermusik f\u00fchrte ihn unter anderem mit Martha Argerich, Daniel Barenboim, Elena Bashkirova und H\u00e9l\u00e8ne Grimaud, dem Klarinettisten Paul Meyer, dem Bratscher Yuri Bashmet und dem Cellisten Truls M\u00f8rk zusammen. Mit seinem Bruder, dem Cellisten Gautier Capu\u00e7on bildet er eine feste Duo-Formation.<em> (cf)<\/em><\/span><\/p>\n","protected":false},"excerpt":{"rendered":"<p><span style=\"font-family: arial,helvetica,sans-serif; font-size: small;\">25.11.2014 &#8212; Die Sommets Musicaux de Gstaad geben die Nominierung des franz\u00f6sischen Violinisten Renaud Capu\u00e7on zum ihrem neuen k\u00fcnstlerischen Leiter ab 2016 bekannt.<\/span><\/p>\n","protected":false},"author":1,"featured_media":0,"comment_status":"open","ping_status":"open","sticky":false,"template":"","format":"standard","meta":{"footnotes":""},"categories":[2],"tags":[],"class_list":["post-1912","post","type-post","status-publish","format-standard","hentry","category-nachrichten","entry"],"_links":{"self":[{"href":"https:\/\/codexflores.ch\/index.php\/wp-json\/wp\/v2\/posts\/1912","targetHints":{"allow":["GET"]}}],"collection":[{"href":"https:\/\/codexflores.ch\/index.php\/wp-json\/wp\/v2\/posts"}],"about":[{"href":"https:\/\/codexflores.ch\/index.php\/wp-json\/wp\/v2\/types\/post"}],"author":[{"embeddable":true,"href":"https:\/\/codexflores.ch\/index.php\/wp-json\/wp\/v2\/users\/1"}],"replies":[{"embeddable":true,"href":"https:\/\/codexflores.ch\/index.php\/wp-json\/wp\/v2\/comments?post=1912"}],"version-history":[{"count":0,"href":"https:\/\/codexflores.ch\/index.php\/wp-json\/wp\/v2\/posts\/1912\/revisions"}],"wp:attachment":[{"href":"https:\/\/codexflores.ch\/index.php\/wp-json\/wp\/v2\/media?parent=1912"}],"wp:term":[{"taxonomy":"category","embeddable":true,"href":"https:\/\/codexflores.ch\/index.php\/wp-json\/wp\/v2\/categories?post=1912"},{"taxonomy":"post_tag","embeddable":true,"href":"https:\/\/codexflores.ch\/index.php\/wp-json\/wp\/v2\/tags?post=1912"}],"curies":[{"name":"wp","href":"https:\/\/api.w.org\/{rel}","templated":true}]}}