{"id":1913,"date":"2014-11-26T07:00:11","date_gmt":"2014-11-26T07:00:11","guid":{"rendered":"https:\/\/codexflores.ch\/index.php\/2014\/11\/26\/alexandra-jud-wechselt-von-st-gallen-nach-luzern\/"},"modified":"2014-11-26T07:00:11","modified_gmt":"2014-11-26T07:00:11","slug":"alexandra-jud-wechselt-von-st-gallen-nach-luzern","status":"publish","type":"post","link":"https:\/\/codexflores.ch\/index.php\/2014\/11\/26\/alexandra-jud-wechselt-von-st-gallen-nach-luzern\/","title":{"rendered":"Alexandra Jud wechselt von St. Gallen nach Luzern"},"content":{"rendered":"<p><span style=\"font-family: arial,helvetica,sans-serif; font-size: small;\">26.11.2014 &#8212; Die Pianistin, Musikwissenschaftlerin und Philosophin Alexandra Jud, die zurzeit als leitende Dramaturgin f\u00fcr Musiktheater am Theater St. Gallen amtet, wechselt per 1. M\u00e4rz 2015 als Leiterin des Instituts f\u00fcr Klassik und Kirchenmusik an die Hochschule Luzern \u2013 Musik.<\/span><\/p>\n<p><span style=\"font-family: arial,helvetica,sans-serif; font-size: small;\"><strong>26.11.2014 &#8212; Die Pianistin, Musikwissenschaftlerin und Philosophin Alexandra Jud, die zurzeit als leitende Dramaturgin f\u00fcr Musiktheater am Theater St. Gallen amtet, wechselt per 1. M\u00e4rz 2015 als Leiterin des Instituts f\u00fcr Klassik und Kirchenmusik an die Hochschule Luzern \u2013 Musik.<\/strong><\/span><\/p>\n<p>\u00a0<\/p>\n<p><span style=\"font-family: arial,helvetica,sans-serif; font-size: small;\">Alexandra Jud wurde 1981 in Z\u00fcrich geboren und wuchs im Kanton St. Gallen auf. Ihre k\u00fcnstlerische Ausbildung absolvierte sie zwischen 2000 und 2007 an der Musikhochschule Basel (Lehrdiplom Klavier) und an der Haute Ecole de Musique de Lausanne (Konzertdiplom Klavier). Es folgte ein Studium in Philosophie und Musikwissenschaft an der Universit\u00e4t Z\u00fcrich, das sie 2013 mit dem Master of Arts abschloss.\u00a0 Bis zu ihrem Stellenantritt in Luzern leitet Peter Baur das Institut f\u00fcr Klassik und Kirchenmusik weiterhin interimistisch.<\/span><\/p>\n<p>\u00a0<\/p>\n<p><span style=\"font-family: arial,helvetica,sans-serif; font-size: small;\">Die Hochschule Luzern \u2013 Musik ist im Jahr 1999 unter dem Namen Musikhochschule Luzern durch den Zusammenschluss des Konservatoriums, der Akademie f\u00fcr Schul- und Kirchenmusik sowie der Jazz Schule Luzern entstanden. Sie ist sowohl regional verankert als auch international sichtbar. <em>(cf)<\/em><\/span><\/p>\n<p>\u00a0<\/p>\n<p>\u00a0<\/p>\n","protected":false},"excerpt":{"rendered":"<p><span style=\"font-family: arial,helvetica,sans-serif; font-size: small;\">26.11.2014 &#8212; Die Pianistin, Musikwissenschaftlerin und Philosophin Alexandra Jud, die zurzeit als leitende Dramaturgin f\u00fcr Musiktheater am Theater St. Gallen amtet, wechselt per 1. M\u00e4rz 2015 als Leiterin des Instituts f\u00fcr Klassik und Kirchenmusik an die Hochschule Luzern \u2013 Musik.<\/span><\/p>\n","protected":false},"author":1,"featured_media":0,"comment_status":"open","ping_status":"open","sticky":false,"template":"","format":"standard","meta":{"footnotes":""},"categories":[2],"tags":[],"class_list":["post-1913","post","type-post","status-publish","format-standard","hentry","category-nachrichten","entry"],"_links":{"self":[{"href":"https:\/\/codexflores.ch\/index.php\/wp-json\/wp\/v2\/posts\/1913","targetHints":{"allow":["GET"]}}],"collection":[{"href":"https:\/\/codexflores.ch\/index.php\/wp-json\/wp\/v2\/posts"}],"about":[{"href":"https:\/\/codexflores.ch\/index.php\/wp-json\/wp\/v2\/types\/post"}],"author":[{"embeddable":true,"href":"https:\/\/codexflores.ch\/index.php\/wp-json\/wp\/v2\/users\/1"}],"replies":[{"embeddable":true,"href":"https:\/\/codexflores.ch\/index.php\/wp-json\/wp\/v2\/comments?post=1913"}],"version-history":[{"count":0,"href":"https:\/\/codexflores.ch\/index.php\/wp-json\/wp\/v2\/posts\/1913\/revisions"}],"wp:attachment":[{"href":"https:\/\/codexflores.ch\/index.php\/wp-json\/wp\/v2\/media?parent=1913"}],"wp:term":[{"taxonomy":"category","embeddable":true,"href":"https:\/\/codexflores.ch\/index.php\/wp-json\/wp\/v2\/categories?post=1913"},{"taxonomy":"post_tag","embeddable":true,"href":"https:\/\/codexflores.ch\/index.php\/wp-json\/wp\/v2\/tags?post=1913"}],"curies":[{"name":"wp","href":"https:\/\/api.w.org\/{rel}","templated":true}]}}