{"id":1915,"date":"2014-11-26T07:44:48","date_gmt":"2014-11-26T07:44:48","guid":{"rendered":"https:\/\/codexflores.ch\/index.php\/2014\/11\/26\/guelke-chefdirigent-der-brandenburger-symphoniker\/"},"modified":"2014-11-26T07:44:48","modified_gmt":"2014-11-26T07:44:48","slug":"guelke-chefdirigent-der-brandenburger-symphoniker","status":"publish","type":"post","link":"https:\/\/codexflores.ch\/index.php\/2014\/11\/26\/guelke-chefdirigent-der-brandenburger-symphoniker\/","title":{"rendered":"G\u00fclke Chefdirigent der Brandenburger Symphoniker"},"content":{"rendered":"<p><span style=\"font-family: arial,helvetica,sans-serif; font-size: small;\">26.11.2014 &#8212; Peter G\u00fclke, Ehrendoktor der Univerit\u00e4t Bern und Siemens-Preistr\u00e4ger, wird Chefdirigent der in der Stadt Brandenburg\/Havel t\u00e4tigen Brandenburger Symphoniker. Er folgt in dem Amt auf Michael Helmrath.<\/span><\/p>\n<p><span style=\"font-family: arial,helvetica,sans-serif; font-size: small;\"><strong>26.11.2014 &#8212; Peter G\u00fclke, Ehrendoktor der Univerit\u00e4t Bern und Siemens-Preistr\u00e4ger, wird Chefdirigent der in der Stadt Brandenburg\/Havel t\u00e4tigen Brandenburger Symphoniker. Er folgt in dem Amt auf Michael Helmrath.<\/strong><\/span><\/p>\n<p>\u00a0<\/p>\n<p><span style=\"font-family: arial,helvetica,sans-serif; font-size: small;\">Helmraths Vertrag l\u00e4uft im Sommer 2015 aus. G\u00fclke soll das Orchester als Interimsleiter f\u00fcr die Spielzeit 2015\/16 \u00fcbernehmen.<\/span><\/p>\n<p><span style=\"font-family: arial,helvetica,sans-serif; font-size: small;\">\u00a0<\/span><\/p>\n<p><span style=\"font-family: arial,helvetica,sans-serif; font-size: small;\">Peter G\u00fclke erhielt 1998 den Karl Vossler-Preis der Bayerischen Akademie der K\u00fcnste. Im Jahr 2003 ernannte ihn die Hochschule f\u00fcr Musik \u00abFranz Liszt\u00bb Weimar zum Ehrensenator, 2006 zum Dr h. c.. Dar\u00fcber hinaus verlieh ihm. die Universit\u00e4t Bern 2004 einen Dr. h. c und die Hochschule f\u00fcr Musik <span style=\"font-family: arial,helvetica,sans-serif; font-size: small;\">\u00ab<\/span>Carl Maria von Weber<span style=\"font-family: arial,helvetica,sans-serif; font-size: small;\">\u00bb<\/span> Dresden im Jahr 2007.<em> (cf)<\/em><\/span><\/p>\n","protected":false},"excerpt":{"rendered":"<p><span style=\"font-family: arial,helvetica,sans-serif; font-size: small;\">26.11.2014 &#8212; Peter G\u00fclke, Ehrendoktor der Univerit\u00e4t Bern und Siemens-Preistr\u00e4ger, wird Chefdirigent der in der Stadt Brandenburg\/Havel t\u00e4tigen Brandenburger Symphoniker. Er folgt in dem Amt auf Michael Helmrath.<\/span><\/p>\n","protected":false},"author":1,"featured_media":0,"comment_status":"open","ping_status":"open","sticky":false,"template":"","format":"standard","meta":{"footnotes":""},"categories":[2],"tags":[],"class_list":["post-1915","post","type-post","status-publish","format-standard","hentry","category-nachrichten","entry"],"_links":{"self":[{"href":"https:\/\/codexflores.ch\/index.php\/wp-json\/wp\/v2\/posts\/1915","targetHints":{"allow":["GET"]}}],"collection":[{"href":"https:\/\/codexflores.ch\/index.php\/wp-json\/wp\/v2\/posts"}],"about":[{"href":"https:\/\/codexflores.ch\/index.php\/wp-json\/wp\/v2\/types\/post"}],"author":[{"embeddable":true,"href":"https:\/\/codexflores.ch\/index.php\/wp-json\/wp\/v2\/users\/1"}],"replies":[{"embeddable":true,"href":"https:\/\/codexflores.ch\/index.php\/wp-json\/wp\/v2\/comments?post=1915"}],"version-history":[{"count":0,"href":"https:\/\/codexflores.ch\/index.php\/wp-json\/wp\/v2\/posts\/1915\/revisions"}],"wp:attachment":[{"href":"https:\/\/codexflores.ch\/index.php\/wp-json\/wp\/v2\/media?parent=1915"}],"wp:term":[{"taxonomy":"category","embeddable":true,"href":"https:\/\/codexflores.ch\/index.php\/wp-json\/wp\/v2\/categories?post=1915"},{"taxonomy":"post_tag","embeddable":true,"href":"https:\/\/codexflores.ch\/index.php\/wp-json\/wp\/v2\/tags?post=1915"}],"curies":[{"name":"wp","href":"https:\/\/api.w.org\/{rel}","templated":true}]}}