{"id":1916,"date":"2014-11-26T08:00:23","date_gmt":"2014-11-26T08:00:23","guid":{"rendered":"https:\/\/codexflores.ch\/index.php\/2014\/11\/26\/muti-kehrt-nicht-an-die-roemer-oper-zurueck\/"},"modified":"2014-11-26T08:00:23","modified_gmt":"2014-11-26T08:00:23","slug":"muti-kehrt-nicht-an-die-roemer-oper-zurueck","status":"publish","type":"post","link":"https:\/\/codexflores.ch\/index.php\/2014\/11\/26\/muti-kehrt-nicht-an-die-roemer-oper-zurueck\/","title":{"rendered":"Muti kehrt  nicht an die R\u00f6mer Oper zur\u00fcck"},"content":{"rendered":"<p><span style=\"font-family: arial,helvetica,sans-serif; font-size: small;\">26.11.2014 &#8212; Der Dirigent Riccardo Muti hat Hoffnungen zerstreut, er werde nach der Einigung im Arbeitskampf der R\u00f6mer Oper als leitender Dirigent an das Haus zur\u00fcckkehren.<\/span><\/p>\n<p><span style=\"font-family: arial,helvetica,sans-serif; font-size: small;\"><strong>26.11.2014 &#8212; Der Dirigent Riccardo Muti hat Hoffnungen zerstreut, er werde nach der Einigung im Arbeitskampf der R\u00f6mer Oper als leitender Dirigent an das Haus zur\u00fcckkehren.<\/strong><\/span><\/p>\n<p>\u00a0<\/p>\n<p><span style=\"font-family: arial,helvetica,sans-serif; font-size: small;\">In einem Interview mit der Mail\u00e4nder Zeitung<em> Il Giornale<\/em> erkl\u00e4rt Muti, er wolle in Rom keine Leitungsfunktionen mehr \u00fcbernehmen. Er wolle in Italien aber weiterhin dirigieren und sich f\u00fcr den Erhalt der kulturellen Infrastrukturen im Land einsetzen. <\/span><\/p>\n<p>\u00a0<\/p>\n<p><span style=\"font-family: arial,helvetica,sans-serif; font-size: small;\">Der r\u00f6mische B\u00fcrgermeister Ignazio Marino hatte Muti pers\u00f6nlich gebeten, nach dem Ende der Zur\u00fccknahme der K\u00fcndigungen von Chor und Orchester der R\u00f6mer Oper seine bisherige T\u00e4tigkeit an dem Haus wieder aufzunehmen. <em>(cf)<\/em><\/span><\/p>\n<p>\u00a0<\/p>\n<p>\u00a0<\/p>\n","protected":false},"excerpt":{"rendered":"<p><span style=\"font-family: arial,helvetica,sans-serif; font-size: small;\">26.11.2014 &#8212; Der Dirigent Riccardo Muti hat Hoffnungen zerstreut, er werde nach der Einigung im Arbeitskampf der R\u00f6mer Oper als leitender Dirigent an das Haus zur\u00fcckkehren.<\/span><\/p>\n","protected":false},"author":1,"featured_media":0,"comment_status":"open","ping_status":"open","sticky":false,"template":"","format":"standard","meta":{"footnotes":""},"categories":[2],"tags":[],"class_list":["post-1916","post","type-post","status-publish","format-standard","hentry","category-nachrichten","entry"],"_links":{"self":[{"href":"https:\/\/codexflores.ch\/index.php\/wp-json\/wp\/v2\/posts\/1916","targetHints":{"allow":["GET"]}}],"collection":[{"href":"https:\/\/codexflores.ch\/index.php\/wp-json\/wp\/v2\/posts"}],"about":[{"href":"https:\/\/codexflores.ch\/index.php\/wp-json\/wp\/v2\/types\/post"}],"author":[{"embeddable":true,"href":"https:\/\/codexflores.ch\/index.php\/wp-json\/wp\/v2\/users\/1"}],"replies":[{"embeddable":true,"href":"https:\/\/codexflores.ch\/index.php\/wp-json\/wp\/v2\/comments?post=1916"}],"version-history":[{"count":0,"href":"https:\/\/codexflores.ch\/index.php\/wp-json\/wp\/v2\/posts\/1916\/revisions"}],"wp:attachment":[{"href":"https:\/\/codexflores.ch\/index.php\/wp-json\/wp\/v2\/media?parent=1916"}],"wp:term":[{"taxonomy":"category","embeddable":true,"href":"https:\/\/codexflores.ch\/index.php\/wp-json\/wp\/v2\/categories?post=1916"},{"taxonomy":"post_tag","embeddable":true,"href":"https:\/\/codexflores.ch\/index.php\/wp-json\/wp\/v2\/tags?post=1916"}],"curies":[{"name":"wp","href":"https:\/\/api.w.org\/{rel}","templated":true}]}}