{"id":1917,"date":"2014-11-26T09:32:52","date_gmt":"2014-11-26T09:32:52","guid":{"rendered":"https:\/\/codexflores.ch\/index.php\/2014\/11\/26\/kissin-sagt-lucerne-festival-am-piano-auftritt-ab\/"},"modified":"2014-11-26T09:32:52","modified_gmt":"2014-11-26T09:32:52","slug":"kissin-sagt-lucerne-festival-am-piano-auftritt-ab","status":"publish","type":"post","link":"https:\/\/codexflores.ch\/index.php\/2014\/11\/26\/kissin-sagt-lucerne-festival-am-piano-auftritt-ab\/","title":{"rendered":"Kissin sagt Lucerne-Festival-am-Piano-Auftritt ab"},"content":{"rendered":"<p><span style=\"font-family: arial,helvetica,sans-serif; font-size: small;\">26.11.2014 &#8212; Evgeny Kissin muss laut einer Mitteilung von Lucerne Festival am Piano das f\u00fcr den 27. November geplante Rezital aus gesundheitlichen Gr\u00fcnden absagen. An seiner Stelle wird Rudolf Buchbinder einen Abend gestalten.<\/span><\/p>\n<p><span style=\"font-family: arial,helvetica,sans-serif; font-size: small;\"><strong>26.11.2014 &#8212; Evgeny Kissin muss laut einer Mitteilung von Lucerne Festival am Piano das f\u00fcr den 27. November geplante Rezital aus gesundheitlichen Gr\u00fcnden absagen. An seiner Stelle wird Rudolf Buchbinder einen Abend gestalten.<\/strong><\/span><\/p>\n<p><span style=\"font-family: arial,helvetica,sans-serif; font-size: small;\">\u00a0<\/span><\/p>\n<p><span style=\"font-family: arial,helvetica,sans-serif; font-size: small;\">Buchbinder, der diesen Sommer in Luzern als Solist mit dem City of Birmingham Symphony Orchestra und Andris Nelsons zu Gast war, wird am 27. November Beethovens Klaviersonaten G-Dur op. 14 Nr. 2 und \u00abAppassionata\u00bb, f-Moll op. 57 sowie Schuberts Klaviersonate B-Dur D 960\u00a0 spielen. <\/span><\/p>\n<p>\u00a0<\/p>\n<p><span style=\"font-size: 10.0pt; font-family: 'Arial','sans-serif';\"><span style=\"font-family: arial,helvetica,sans-serif; font-size: small;\">Karten behalten laut Veranstalter ihre G\u00fcltigkeit oder k\u00f6nnen alternativ ausschliesslich am urspr\u00fcnglichen Bezugsort bis sp\u00e4testens 1.12.2014 zur\u00fcckgegeben werden. <em>(cf)<\/em><\/span><br \/><\/span><\/p>\n","protected":false},"excerpt":{"rendered":"<p><span style=\"font-family: arial,helvetica,sans-serif; font-size: small;\">26.11.2014 &#8212; Evgeny Kissin muss laut einer Mitteilung von Lucerne Festival am Piano das f\u00fcr den 27. November geplante Rezital aus gesundheitlichen Gr\u00fcnden absagen. An seiner Stelle wird Rudolf Buchbinder einen Abend gestalten.<\/span><\/p>\n","protected":false},"author":1,"featured_media":0,"comment_status":"open","ping_status":"open","sticky":false,"template":"","format":"standard","meta":{"footnotes":""},"categories":[2],"tags":[],"class_list":["post-1917","post","type-post","status-publish","format-standard","hentry","category-nachrichten","entry"],"_links":{"self":[{"href":"https:\/\/codexflores.ch\/index.php\/wp-json\/wp\/v2\/posts\/1917","targetHints":{"allow":["GET"]}}],"collection":[{"href":"https:\/\/codexflores.ch\/index.php\/wp-json\/wp\/v2\/posts"}],"about":[{"href":"https:\/\/codexflores.ch\/index.php\/wp-json\/wp\/v2\/types\/post"}],"author":[{"embeddable":true,"href":"https:\/\/codexflores.ch\/index.php\/wp-json\/wp\/v2\/users\/1"}],"replies":[{"embeddable":true,"href":"https:\/\/codexflores.ch\/index.php\/wp-json\/wp\/v2\/comments?post=1917"}],"version-history":[{"count":0,"href":"https:\/\/codexflores.ch\/index.php\/wp-json\/wp\/v2\/posts\/1917\/revisions"}],"wp:attachment":[{"href":"https:\/\/codexflores.ch\/index.php\/wp-json\/wp\/v2\/media?parent=1917"}],"wp:term":[{"taxonomy":"category","embeddable":true,"href":"https:\/\/codexflores.ch\/index.php\/wp-json\/wp\/v2\/categories?post=1917"},{"taxonomy":"post_tag","embeddable":true,"href":"https:\/\/codexflores.ch\/index.php\/wp-json\/wp\/v2\/tags?post=1917"}],"curies":[{"name":"wp","href":"https:\/\/api.w.org\/{rel}","templated":true}]}}