{"id":1919,"date":"2014-11-27T06:52:31","date_gmt":"2014-11-27T06:52:31","guid":{"rendered":"https:\/\/codexflores.ch\/index.php\/2014\/11\/27\/wehry-wechselt-von-baden-baden-nach-basel\/"},"modified":"2014-11-27T06:52:31","modified_gmt":"2014-11-27T06:52:31","slug":"wehry-wechselt-von-baden-baden-nach-basel","status":"publish","type":"post","link":"https:\/\/codexflores.ch\/index.php\/2014\/11\/27\/wehry-wechselt-von-baden-baden-nach-basel\/","title":{"rendered":"Wehry wechselt von Baden-Baden nach Basel"},"content":{"rendered":"<p><span style=\"font-family: arial,helvetica,sans-serif; font-size: small;\">27.11.2014 &#8212; Thomas Wehry, bisher am Festspielhaus Baden-Baden t\u00e4tig, wird ab 1. Dezember neuer Co-Gesch\u00e4ftsleiter der Basel Sinfonietta. Er tritt die Nachfolge von Eva Ruckstuhl an, die als Projektleiterin PR in eine Kommunikationsagentur nach Z\u00fcrich wechselt.<\/span><\/p>\n<p><span style=\"font-family: arial,helvetica,sans-serif; font-size: small;\"><strong>27.11.2014 &#8212; Thomas Wehry, bisher am Festspielhaus Baden-Baden t\u00e4tig, wird ab 1. Dezember neuer Co-Gesch\u00e4ftsleiter der Basel Sinfonietta. Er tritt die Nachfolge von Eva Ruckstuhl an, die als Projektleiterin PR in eine Kommunikationsagentur nach Z\u00fcrich wechselt.<\/strong><\/span><\/p>\n<p><span style=\"font-family: arial,helvetica,sans-serif; font-size: small;\">\u00a0<\/span><\/p>\n<p><span style=\"font-family: arial,helvetica,sans-serif; font-size: small;\">Wie seine Vorg\u00e4ngerin ist Thomas Wehry bei der Basel Sinfonietta f\u00fcr die Leitung Marketing und Kommunikation verantwortlich. Zusammen mit dem bisherigen Co-Gesch\u00e4ftsleiter, Felix Heri, hat er die Gesch\u00e4ftsleitung inne.<\/span><\/p>\n<p><span style=\"font-family: arial,helvetica,sans-serif; font-size: small;\">\u00a0<\/span><\/p>\n<p><span style=\"font-family: arial,helvetica,sans-serif; font-size: small;\">Thomas Wehry stammt aus Norddeutschland. Nach einem Studium der Musik-, Theater- und Wirtschaftswissenschaften an der Universit\u00e4t Bayreuth hat er an den Opernh\u00e4usern in M\u00fcnchen, Stuttgart und Basel als Regieassistent und Produktionsleiter gearbeitet. Von 2011 bis 2014 war er als Opernreferent am Festspielhaus Baden-Baden engagiert. Dort hat er am Aufbau der Osterfestspiele der Berliner Philharmoniker mitgewirkt und dabei die neuen Sparten Kammer- und Kinderoper entwickelt und etabliert.<\/span><\/p>\n<p><span style=\"font-family: arial,helvetica,sans-serif; font-size: small;\">\u00a0<\/span><\/p>\n<p><span style=\"font-family: arial,helvetica,sans-serif; font-size: small;\">Unter anderem mit dem SWR Sinfonieorchester Baden-Baden und Freiburg und dem Mariinsky Theater St. Petersburg konnte er neue Konzertprojekte am Festspielhaus Baden-Baden realisieren, zuletzt zu den Sommerfestspielen im Juli 2014. Seit 2007 in Basel verortet, hat Thomas Wehry seit 2011 hier seinen Hauptwohnsitz. <em>(cf)<\/em><\/span><\/p>\n<p>\u00a0<\/p>\n","protected":false},"excerpt":{"rendered":"<p><span style=\"font-family: arial,helvetica,sans-serif; font-size: small;\">27.11.2014 &#8212; Thomas Wehry, bisher am Festspielhaus Baden-Baden t\u00e4tig, wird ab 1. Dezember neuer Co-Gesch\u00e4ftsleiter der Basel Sinfonietta. Er tritt die Nachfolge von Eva Ruckstuhl an, die als Projektleiterin PR in eine Kommunikationsagentur nach Z\u00fcrich wechselt.<\/span><\/p>\n","protected":false},"author":1,"featured_media":0,"comment_status":"open","ping_status":"open","sticky":false,"template":"","format":"standard","meta":{"footnotes":""},"categories":[2],"tags":[],"class_list":["post-1919","post","type-post","status-publish","format-standard","hentry","category-nachrichten","entry"],"_links":{"self":[{"href":"https:\/\/codexflores.ch\/index.php\/wp-json\/wp\/v2\/posts\/1919","targetHints":{"allow":["GET"]}}],"collection":[{"href":"https:\/\/codexflores.ch\/index.php\/wp-json\/wp\/v2\/posts"}],"about":[{"href":"https:\/\/codexflores.ch\/index.php\/wp-json\/wp\/v2\/types\/post"}],"author":[{"embeddable":true,"href":"https:\/\/codexflores.ch\/index.php\/wp-json\/wp\/v2\/users\/1"}],"replies":[{"embeddable":true,"href":"https:\/\/codexflores.ch\/index.php\/wp-json\/wp\/v2\/comments?post=1919"}],"version-history":[{"count":0,"href":"https:\/\/codexflores.ch\/index.php\/wp-json\/wp\/v2\/posts\/1919\/revisions"}],"wp:attachment":[{"href":"https:\/\/codexflores.ch\/index.php\/wp-json\/wp\/v2\/media?parent=1919"}],"wp:term":[{"taxonomy":"category","embeddable":true,"href":"https:\/\/codexflores.ch\/index.php\/wp-json\/wp\/v2\/categories?post=1919"},{"taxonomy":"post_tag","embeddable":true,"href":"https:\/\/codexflores.ch\/index.php\/wp-json\/wp\/v2\/tags?post=1919"}],"curies":[{"name":"wp","href":"https:\/\/api.w.org\/{rel}","templated":true}]}}