{"id":192,"date":"2014-01-10T10:00:23","date_gmt":"2014-01-10T10:00:23","guid":{"rendered":"https:\/\/codexflores.ch\/index.php\/2014\/01\/10\/aufwind-in-der-schweizer-jazzfoerderung\/"},"modified":"2014-01-10T10:00:23","modified_gmt":"2014-01-10T10:00:23","slug":"aufwind-in-der-schweizer-jazzfoerderung","status":"publish","type":"post","link":"https:\/\/codexflores.ch\/index.php\/2014\/01\/10\/aufwind-in-der-schweizer-jazzfoerderung\/","title":{"rendered":"\u00abAufwind\u00bb in der Schweizer Jazzf\u00f6rderung"},"content":{"rendered":"<p><span class=\"txt-m-black\"><img decoding=\"async\" src=\"http:\/\/212.60.37.143\/bilder\/2009\/091127tre.jpg\" border=\"0\" align=\"left\" \/><em>27.11.2009 &#8212;<\/em> Zwei gewichtige Schweizer F\u00f6rderinstitutionen legen zur Zeit ein besonderes Augenmerk auf das einheimische Jazzschaffen. Und beide haben sich dazu entschieden, ihre Unterst\u00fctzungsgelder nicht in hom\u00f6opatischen Dosen in alle Richtungen zu verspr\u00fchen, sondern gezielt einzelnen Ensemble und spezialisierten Labels unter die Arme zu greifen. Pro Helvetia unterst\u00fctzt mit einer \u00abpriorit\u00e4ren Jazzf\u00f6rderung\u00bb ausgew\u00e4hlte Schweizer Jazzbands \u00fcber mehrere Jahre. Das Ziel: eine \u00abnachhaltige Entwicklung von Schweizer Bands auf internationalem Niveau\u00bb. Von der Pro-Helvetia-F\u00f6rderung profitieren zur Zeit die Ensembles Rusconi und das Elina Duni Quartet sowie die Labels Intakt und Tonus Music Records.<\/p>\n<p> Ganz \u00e4hnlich kommt ein neues Programm von Musiques Suisses, dem CD-Label f\u00fcr Schweizer Klassik und Neue Volksmusik des Migros Kulturprozentes, daher: Auf einem neuen Unterlabel \u00abJazz von DRS 2\u00bb werden Produktionen des \u00f6ffentlich-rechtlichen Schweizer Kultur- und Bildungssender auf den Markt gebracht. Pro Jahr sollen es vier an der Zahl werden. Die erste Silberscheibe des Jahres ist nun greifbar. Es handelt sich um \u00abAufwind\u00bb des Trios tr\u00e9, das sich seine ersten Sporen seit seiner Gr\u00fcndung im Jahr 1999 bereits abverdient hat. <\/p>\n<p> Das Ensemble spielt in der ungew\u00f6hnlichen, bassbetonten Besetzung aus Tenorsaxophon (Thomas L\u00fcthi), Posaune (Bernhard Bamert) und Schlagzeug (Christian Niederer). Um f\u00fcr die Gruppe mit kerniger Musik f\u00fcr Grundtonh\u00f6rer etwas mehr Aufmerksamkeit zu schaffen, ist man auf die Idee gekommen, sie zusammen mit den Weltstars des Overtone Quartets rund um den Bassisten Dave Holland auf Schweizer Tournee zu schicken. <\/p>\n<p> Der Erfolg ist zweischneidig. Wohl ist es gelungen, in den Medien f\u00fcr die Minitournee \u2013 auf dem Programm standen Fribourg, Genf, Chiasso und Luzern \u2013 etwas Echo zu provozieren. Die Aufmerksamkeit richtete sich dabei allerdings eher auf das Quartett des ehemaligen Miles-Davis-Sideman und ECM-K\u00fcnstlers Holland, und (zumindest beim Auftritt in Luzern) wurde durch das nach tr\u00e9 losgroovende Star-Quartett auch ein grosser Unterschied in B\u00fchnenroutine und technischem K\u00f6nnen offensichtlich, der die Arbeit der drei Schweizer in weniger g\u00fcnstigem Licht erschienen liess, als sie dies verdient h\u00e4tte. <\/p>\n<p> Auf der CD wirkt die Musik des Trios deutlich schl\u00fcssiger und pfiiffiger als sie es im atmosph\u00e4risch k\u00fchlen und akustisch auf gesprochene Sprache optimierten Luzerner Saal des Kultur- und Kongresszentrums KKL tat. Der feine rhythmische Puls und die klanglichen Subtilit\u00e4ten der kompositorischen Miniaturen beleben auf Konserve die Musik weitaus st\u00e4rker als beim Liveauftritt. Das strukturelle Tiefbau- und \u2013stapel-Konzept von tr\u00e9 zeigt hier eine Originalit\u00e4t, die auch etliches an Potential offenbart.<\/p>\n<p> Noch haben die spr\u00f6den Dialoge einen zeitweise etwas austauschbaren Charakter, noch k\u00f6nnten die sich zwischen knapp einer und gut f\u00fcnf Minuten entfaltenden St\u00fccke noch etwas mehr auf den Punkt gebracht werden. Verdient ist die privilegierte Behandlung des Ensembles durch Migros und DRS2 aber sicherlich. <em>(wb)<\/em><\/p>\n<p> <span style=\"font-size: x-small;\"><em><span class=\"txt-s-black\"> Tr\u00e9: Aufwind, Christian Niederer, Schlagzeug; Thomas L\u00fcthi, Tenorsaxophon; Bernhard Bamert, Posaune. Musiques Suisses CD MGB Jazz 1. <br \/> Bezugsnachweis: <a href=\"http:\/\/www.musiques-suisses.ch\/shop\/volksmusik\/Jazz1.php?lang=d\" target=\"blank\" rel=\"noopener noreferrer\">www.musiques-suisses.ch<\/a><\/span> <\/em><\/span><\/span><\/p>\n","protected":false},"excerpt":{"rendered":"<p>27.11.2009 &#8212; Zwei gewichtige Schweizer F\u00f6rderinstitutionen legen zur Zeit ein besonderes Augenmerk auf das einheimische Jazzschaffen. Und beide haben sich&#8230;<\/p>\n","protected":false},"author":1,"featured_media":0,"comment_status":"open","ping_status":"open","sticky":false,"template":"","format":"standard","meta":{"footnotes":""},"categories":[4],"tags":[],"class_list":["post-192","post","type-post","status-publish","format-standard","hentry","category-im-gespraech","entry"],"_links":{"self":[{"href":"https:\/\/codexflores.ch\/index.php\/wp-json\/wp\/v2\/posts\/192","targetHints":{"allow":["GET"]}}],"collection":[{"href":"https:\/\/codexflores.ch\/index.php\/wp-json\/wp\/v2\/posts"}],"about":[{"href":"https:\/\/codexflores.ch\/index.php\/wp-json\/wp\/v2\/types\/post"}],"author":[{"embeddable":true,"href":"https:\/\/codexflores.ch\/index.php\/wp-json\/wp\/v2\/users\/1"}],"replies":[{"embeddable":true,"href":"https:\/\/codexflores.ch\/index.php\/wp-json\/wp\/v2\/comments?post=192"}],"version-history":[{"count":0,"href":"https:\/\/codexflores.ch\/index.php\/wp-json\/wp\/v2\/posts\/192\/revisions"}],"wp:attachment":[{"href":"https:\/\/codexflores.ch\/index.php\/wp-json\/wp\/v2\/media?parent=192"}],"wp:term":[{"taxonomy":"category","embeddable":true,"href":"https:\/\/codexflores.ch\/index.php\/wp-json\/wp\/v2\/categories?post=192"},{"taxonomy":"post_tag","embeddable":true,"href":"https:\/\/codexflores.ch\/index.php\/wp-json\/wp\/v2\/tags?post=192"}],"curies":[{"name":"wp","href":"https:\/\/api.w.org\/{rel}","templated":true}]}}