{"id":1920,"date":"2014-11-27T07:08:04","date_gmt":"2014-11-27T07:08:04","guid":{"rendered":"https:\/\/codexflores.ch\/index.php\/2014\/11\/27\/kompetenzzentrum-musik-edition-medien\/"},"modified":"2014-11-27T07:08:04","modified_gmt":"2014-11-27T07:08:04","slug":"kompetenzzentrum-musik-edition-medien","status":"publish","type":"post","link":"https:\/\/codexflores.ch\/index.php\/2014\/11\/27\/kompetenzzentrum-musik-edition-medien\/","title":{"rendered":"Kompetenzzentrum \u00abMusik \u2013 Edition \u2013 Medien\u00bb"},"content":{"rendered":"<p><span style=\"font-family: arial,helvetica,sans-serif; font-size: small;\">27.11.2014 &#8212; Die Universit\u00e4t Paderborn, die Hochschule f\u00fcr Musik Detmold und die Hochschule Ostwestfalen-Lippe gr\u00fcnden ein Kompetenzzentrum \u00abMusik \u2013 Edition \u2013 Medien\u00bb.<\/span><\/p>\n<p><span style=\"font-family: arial,helvetica,sans-serif; font-size: small;\"><strong>27.11.2014 &#8212; Die Universit\u00e4t Paderborn, die Hochschule f\u00fcr Musik Detmold und die Hochschule Ostwestfalen-Lippe gr\u00fcnden ein Kompetenzzentrum \u00abMusik \u2013 Edition \u2013 Medien\u00bb. <br \/><\/strong><\/span><\/p>\n<p>\u00a0<\/p>\n<p><span style=\"font-family: arial,helvetica,sans-serif; font-size: small;\">Ausgehend von der Software Edirom will das Team der Universit\u00e4t Paderborn, der Hochschule f\u00fcr Musik Detmold und der Hochschule Ostwestfalen-Lippe die Ergebnisse der Erforschung musikalischer \u00dcberlieferung ins digitale Zeitalter \u00fcberf\u00fchren \u2013 und damit auch Wissenschaft und Praxis weiter zusammenf\u00fchren. Wurden bisher diese Ergebnisse in gedruckten Notenb\u00e4nden publiziert, sollen jetzt im Rahmen des Kompetenzzentrums die Standards neu gesetzt und traditionelle Editionen zu weltweit miteinander verkn\u00fcpften digitalen Wissensarchiven erweitert werden.<\/span><\/p>\n<p>\u00a0<\/p>\n<p><span style=\"font-family: arial,helvetica,sans-serif; font-size: small;\"> Laut Joachim Veit, dem Sprecher des Kompetenzzentrums, k\u00f6nnte damit etwa unterschiedliche Fassungen und Varianten, Tonaufnahmen, Bild- oder filmisches Material sowie Dokumente zur Entstehungs- und \u00dcberlieferungsgeschichte in Editionen integriert werden.\u00a0F\u00fcr Forschung, Entwicklung und Nachwuchsf\u00f6rderung stehen 1,7 Millionen Euro f\u00fcr drei Jahre bereit. Das Bundesbildungsministerium finanziert das Kompetenzzentrum\u00a0 als eines von deutschlandweit nur drei neuen Zentren f\u00fcr Digitale Kulturwissenschaften. <em>(cf)<\/em><\/span><\/p>\n","protected":false},"excerpt":{"rendered":"<p><span style=\"font-family: arial,helvetica,sans-serif; font-size: small;\">27.11.2014 &#8212; Die Universit\u00e4t Paderborn, die Hochschule f\u00fcr Musik Detmold und die Hochschule Ostwestfalen-Lippe gr\u00fcnden ein Kompetenzzentrum \u00abMusik \u2013 Edition \u2013 Medien\u00bb.<\/span><\/p>\n","protected":false},"author":1,"featured_media":0,"comment_status":"open","ping_status":"open","sticky":false,"template":"","format":"standard","meta":{"footnotes":""},"categories":[2],"tags":[],"class_list":["post-1920","post","type-post","status-publish","format-standard","hentry","category-nachrichten","entry"],"_links":{"self":[{"href":"https:\/\/codexflores.ch\/index.php\/wp-json\/wp\/v2\/posts\/1920","targetHints":{"allow":["GET"]}}],"collection":[{"href":"https:\/\/codexflores.ch\/index.php\/wp-json\/wp\/v2\/posts"}],"about":[{"href":"https:\/\/codexflores.ch\/index.php\/wp-json\/wp\/v2\/types\/post"}],"author":[{"embeddable":true,"href":"https:\/\/codexflores.ch\/index.php\/wp-json\/wp\/v2\/users\/1"}],"replies":[{"embeddable":true,"href":"https:\/\/codexflores.ch\/index.php\/wp-json\/wp\/v2\/comments?post=1920"}],"version-history":[{"count":0,"href":"https:\/\/codexflores.ch\/index.php\/wp-json\/wp\/v2\/posts\/1920\/revisions"}],"wp:attachment":[{"href":"https:\/\/codexflores.ch\/index.php\/wp-json\/wp\/v2\/media?parent=1920"}],"wp:term":[{"taxonomy":"category","embeddable":true,"href":"https:\/\/codexflores.ch\/index.php\/wp-json\/wp\/v2\/categories?post=1920"},{"taxonomy":"post_tag","embeddable":true,"href":"https:\/\/codexflores.ch\/index.php\/wp-json\/wp\/v2\/tags?post=1920"}],"curies":[{"name":"wp","href":"https:\/\/api.w.org\/{rel}","templated":true}]}}