{"id":1922,"date":"2014-11-27T07:44:23","date_gmt":"2014-11-27T07:44:23","guid":{"rendered":"https:\/\/codexflores.ch\/index.php\/2014\/11\/27\/bernhard-guenther-kuenstlerischer-leiter-von-wien-modern\/"},"modified":"2014-11-27T07:44:23","modified_gmt":"2014-11-27T07:44:23","slug":"bernhard-guenther-kuenstlerischer-leiter-von-wien-modern","status":"publish","type":"post","link":"https:\/\/codexflores.ch\/index.php\/2014\/11\/27\/bernhard-guenther-kuenstlerischer-leiter-von-wien-modern\/","title":{"rendered":"Bernhard G\u00fcnther k\u00fcnstlerischer Leiter von Wien Modern"},"content":{"rendered":"<p><span style=\"font-family: arial,helvetica,sans-serif; font-size: small;\">27.11.2014 &#8212; Der geb\u00fcrtige Thuner Bernhard G\u00fcnther amtet ab 2016 als k\u00fcnstlerischer Leiter des Festivals Wien Modern. Er folgt auf Matthias Lo\u0161ek, der das Festival bis 2015 leitet. Lo\u0161ek hatte im Fr\u00fchsommer 2014 angek\u00fcndigt, dass er seine T\u00e4tigkeit f\u00fcr das Festival nach 2015 beenden wird.<\/span><\/p>\n<p><span style=\"font-family: arial,helvetica,sans-serif; font-size: small;\"><strong>27.11.2014 &#8212; Der geb\u00fcrtige Thuner Bernhard G\u00fcnther amtet ab 2016 als k\u00fcnstlerischer Leiter des Festivals Wien Modern. Er folgt auf Matthias Lo\u0161ek, der das Festival bis 2015 leitet. Lo\u0161ek hatte im Fr\u00fchsommer 2014 angek\u00fcndigt, dass er seine T\u00e4tigkeit f\u00fcr das Festival nach 2015 beenden wird.<\/strong><\/span><\/p>\n<p>\u00a0<\/p>\n<p><span style=\"font-family: arial,helvetica,sans-serif; font-size: small;\">Bernhard G\u00fcnther ist derzeit Chefdramaturg der Philharmonie Luxembourg, zu deren Gr\u00fcndungsteam er seit 2004 geh\u00f6rt. In dieser Funktion programmiert er unter anderem seit zehn Jahren das Neue\u2010Musik\u2010Festival <em>rainy days<\/em>. Seit 2012 entwickelt und leitet er zus\u00e4tzlich das Festival <em>ZeitR\u00e4ume Basel<\/em>, das ab Sommer 2015 im Biennalrhythmus neue Musik und Architektur miteinander in Beziehung stellt. <\/span><\/p>\n<p>\u00a0<\/p>\n<p><span style=\"font-family: arial,helvetica,sans-serif; font-size: small;\">Nach unvollendeten Studien an der Musikhochschule L\u00fcbeck (Violoncello) und der Universit\u00e4t Wien (Musikwissenschaft) kam er 1994 als Herausgeber des Lexikons zeitgen\u00f6ssischer Musik aus \u00d6sterreich ans neugegr\u00fcndete mica \u2013 music information center austria, wo er bis 2004 als Kurator f\u00fcr neue Musik, Urheberrecht, Internet sowie zuletzt auch als stellvertretender Gesch\u00e4ftsf\u00fchrer t\u00e4tig war. <\/span><\/p>\n<p>\u00a0<\/p>\n<p><span style=\"font-family: arial,helvetica,sans-serif; font-size: small;\">Als Besucher und Veranstalter von Konzerten unterschiedlichster Genres und Formate, als Autor, Herausgeber und Kurator f\u00fcr verschiedene Verlage, Medien und Veranstalter sowie als Jurymitglied setzt er sich seit \u00fcber 20 Jahren intensiv mit neuer Musik und ihrem Umfeld auseinander. Bernhard G\u00fcnther wurde 1970 in Thun geboren und lebt mit seiner Familie in Trintange (Luxembourg). <em>(cf)<\/em><\/span><\/p>\n<p>\u00a0<\/p>\n","protected":false},"excerpt":{"rendered":"<p><span style=\"font-family: arial,helvetica,sans-serif; font-size: small;\">27.11.2014 &#8212; Der geb\u00fcrtige Thuner Bernhard G\u00fcnther amtet ab 2016 als k\u00fcnstlerischer Leiter des Festivals Wien Modern. Er folgt auf Matthias Lo\u0161ek, der das Festival bis 2015 leitet. Lo\u0161ek hatte im Fr\u00fchsommer 2014 angek\u00fcndigt, dass er seine T\u00e4tigkeit f\u00fcr das Festival nach 2015 beenden wird.<\/span><\/p>\n","protected":false},"author":1,"featured_media":0,"comment_status":"open","ping_status":"open","sticky":false,"template":"","format":"standard","meta":{"footnotes":""},"categories":[2],"tags":[],"class_list":["post-1922","post","type-post","status-publish","format-standard","hentry","category-nachrichten","entry"],"_links":{"self":[{"href":"https:\/\/codexflores.ch\/index.php\/wp-json\/wp\/v2\/posts\/1922","targetHints":{"allow":["GET"]}}],"collection":[{"href":"https:\/\/codexflores.ch\/index.php\/wp-json\/wp\/v2\/posts"}],"about":[{"href":"https:\/\/codexflores.ch\/index.php\/wp-json\/wp\/v2\/types\/post"}],"author":[{"embeddable":true,"href":"https:\/\/codexflores.ch\/index.php\/wp-json\/wp\/v2\/users\/1"}],"replies":[{"embeddable":true,"href":"https:\/\/codexflores.ch\/index.php\/wp-json\/wp\/v2\/comments?post=1922"}],"version-history":[{"count":0,"href":"https:\/\/codexflores.ch\/index.php\/wp-json\/wp\/v2\/posts\/1922\/revisions"}],"wp:attachment":[{"href":"https:\/\/codexflores.ch\/index.php\/wp-json\/wp\/v2\/media?parent=1922"}],"wp:term":[{"taxonomy":"category","embeddable":true,"href":"https:\/\/codexflores.ch\/index.php\/wp-json\/wp\/v2\/categories?post=1922"},{"taxonomy":"post_tag","embeddable":true,"href":"https:\/\/codexflores.ch\/index.php\/wp-json\/wp\/v2\/tags?post=1922"}],"curies":[{"name":"wp","href":"https:\/\/api.w.org\/{rel}","templated":true}]}}