{"id":1925,"date":"2014-11-28T06:53:02","date_gmt":"2014-11-28T06:53:02","guid":{"rendered":"https:\/\/codexflores.ch\/index.php\/2014\/11\/28\/der-ursprung-musikalischer-hoerfaehigkeiten\/"},"modified":"2014-11-28T06:53:02","modified_gmt":"2014-11-28T06:53:02","slug":"der-ursprung-musikalischer-hoerfaehigkeiten","status":"publish","type":"post","link":"https:\/\/codexflores.ch\/index.php\/2014\/11\/28\/der-ursprung-musikalischer-hoerfaehigkeiten\/","title":{"rendered":"Der Ursprung musikalischer H\u00f6rf\u00e4higkeiten"},"content":{"rendered":"<p><span style=\"font-family: arial,helvetica,sans-serif; font-size: small;\">28.11.2014 &#8212; In einer drei Jahre dauernden Studie ist ein interdisziplin\u00e4res Projekt zwischen Universit\u00e4tsspital Basel und Universit\u00e4tsklinikum Heidelberg der Frage nachgegangen, ob die speziellen musikalischen H\u00f6rf\u00e4higkeiten von Musikern Resultat von Veranlagung oder von Training (oder eines Zusammenwirkens beider Komponenten) sind.<\/span><\/p>\n<p><span style=\"font-family: arial,helvetica,sans-serif; font-size: small;\"><strong>28.11.2014 &#8212; <span style=\"font-family: arial,helvetica,sans-serif; font-size: small;\">In einer drei Jahre dauernden Studie ist ein interdisziplin\u00e4res Projekt zwischen Universit\u00e4tsspital Basel und Universit\u00e4tsklinikum Heidelberg der Frage nachgegangen, ob die speziellen musikalischen H\u00f6rf\u00e4higkeiten von Musikern Resultat von Veranlagung oder von Training (oder eines Zusammenwirkens beider Komponenten) sind.<\/span><\/strong><\/span><\/p>\n<p><span style=\"font-family: arial,helvetica,sans-serif; font-size: small;\">\u00a0<\/span><\/p>\n<p><span style=\"font-family: arial,helvetica,sans-serif; font-size: small;\">Bisher wisse man, dass sich der f\u00fcrs H\u00f6ren zust\u00e4ndige Bereich im Grosshirn bei Musikern und -Musikerinnen sowohl von dem von Nichtmusikern als auch interindividuell enorm unterscheide, schreibt die Musikhochschule, nicht aber, was diese Unterschiede verursacht und welche Auswirkungen sie auf die pers\u00f6nliche musikalische Entwicklung h\u00e4tten.<\/span><\/p>\n<p><span style=\"font-family: arial,helvetica,sans-serif; font-size: small;\">Deshalb sind im Rahmen des Projekts mit dem Titel \u00abAuditorische Neuroplastizit\u00e4t im Musikergehirn\u00bb junge Musikstudierende im Laufe ihres Bachelorstudiums, der vielleicht intensivsten Trainingsphase ihres Lebens, dreimal untersucht worden. Teilgenommen haben 49 Studierende der Hochschule f\u00fcr Musik sowie der Schola Cantorum Basiliensis.<\/span><\/p>\n<p>\u00a0<\/p>\n<p><span style=\"font-family: arial,helvetica,sans-serif; font-size: small;\">Im Rahmen eines Vortrages stellen die Autoren Jan Benner, Maria Blatow, Elke Hofmann und Peter Schneider in Basel nun ihre Testverfahren und die ersten Ergebnisse vor. <em>(cf)<\/p>\n<p><\/em><strong>Info:<em><br \/><\/em><\/strong>Dienstag, 2. Dezember 2014, 19.00 Uhr Z. 348, Musik-Akademie Basel<strong><em><br \/><\/em><\/strong><\/span><\/p>\n<p>\u00a0<\/p>\n","protected":false},"excerpt":{"rendered":"<p><span style=\"font-family: arial,helvetica,sans-serif; font-size: small;\">28.11.2014 &#8212; In einer drei Jahre dauernden Studie ist ein interdisziplin\u00e4res Projekt zwischen Universit\u00e4tsspital Basel und Universit\u00e4tsklinikum Heidelberg der Frage nachgegangen, ob die speziellen musikalischen H\u00f6rf\u00e4higkeiten von Musikern Resultat von Veranlagung oder von Training (oder eines Zusammenwirkens beider Komponenten) sind.<\/span><\/p>\n","protected":false},"author":1,"featured_media":0,"comment_status":"open","ping_status":"open","sticky":false,"template":"","format":"standard","meta":{"footnotes":""},"categories":[2],"tags":[],"class_list":["post-1925","post","type-post","status-publish","format-standard","hentry","category-nachrichten","entry"],"_links":{"self":[{"href":"https:\/\/codexflores.ch\/index.php\/wp-json\/wp\/v2\/posts\/1925","targetHints":{"allow":["GET"]}}],"collection":[{"href":"https:\/\/codexflores.ch\/index.php\/wp-json\/wp\/v2\/posts"}],"about":[{"href":"https:\/\/codexflores.ch\/index.php\/wp-json\/wp\/v2\/types\/post"}],"author":[{"embeddable":true,"href":"https:\/\/codexflores.ch\/index.php\/wp-json\/wp\/v2\/users\/1"}],"replies":[{"embeddable":true,"href":"https:\/\/codexflores.ch\/index.php\/wp-json\/wp\/v2\/comments?post=1925"}],"version-history":[{"count":0,"href":"https:\/\/codexflores.ch\/index.php\/wp-json\/wp\/v2\/posts\/1925\/revisions"}],"wp:attachment":[{"href":"https:\/\/codexflores.ch\/index.php\/wp-json\/wp\/v2\/media?parent=1925"}],"wp:term":[{"taxonomy":"category","embeddable":true,"href":"https:\/\/codexflores.ch\/index.php\/wp-json\/wp\/v2\/categories?post=1925"},{"taxonomy":"post_tag","embeddable":true,"href":"https:\/\/codexflores.ch\/index.php\/wp-json\/wp\/v2\/tags?post=1925"}],"curies":[{"name":"wp","href":"https:\/\/api.w.org\/{rel}","templated":true}]}}