{"id":1935,"date":"2014-12-03T06:55:04","date_gmt":"2014-12-03T06:55:04","guid":{"rendered":"https:\/\/codexflores.ch\/index.php\/2014\/12\/03\/darmstadt-zeichnet-drewanz-fuer-lebenswerk-aus\/"},"modified":"2014-12-03T06:55:04","modified_gmt":"2014-12-03T06:55:04","slug":"darmstadt-zeichnet-drewanz-fuer-lebenswerk-aus","status":"publish","type":"post","link":"https:\/\/codexflores.ch\/index.php\/2014\/12\/03\/darmstadt-zeichnet-drewanz-fuer-lebenswerk-aus\/","title":{"rendered":"Darmstadt zeichnet Drewanz f\u00fcr Lebenswerk aus"},"content":{"rendered":"<p><span style=\"font-family: arial,helvetica,sans-serif; font-size: small;\">03.12.2014 &#8212; Die Stadt Darmstadt zeichnet den in Dresden geborenen und in Berlin aufgewachsenen Dirigenten Hans Drewanz mit dem Musikpreis f\u00fcr sein Lebenswerk aus.<\/span><\/p>\n<p>\u00a0<\/p>\n<p><span style=\"font-family: arial,helvetica,sans-serif; font-size: small;\"><strong>03.12.2014 &#8212; Die Stadt Darmstadt zeichnet den in Dresden geborenen und in Berlin aufgewachsenen Dirigenten Hans Drewanz mit dem Musikpreis f\u00fcr sein Lebenswerk aus.<\/strong><\/span><\/p>\n<p>\u00a0<\/p>\n<p><span style=\"font-family: arial,helvetica,sans-serif; font-size: small;\">Nach dem Studium an der Musikhochschule Frankfurt am Main wurde Drewanz Studienleiter und pers\u00f6nlicher Assistent von Georg Solti an der Frankfurter Oper. 1963 als j\u00fcngster Generalmusikdirektor nach Darmstadt berufen, leitete er dort \u00fcber drei Jahrzehnte das Opern- und Konzertleben. Er stehe f\u00fcr kontinuierliches k\u00fcnstlerisches Wirken in einer Stadt, wie es heute fast nicht mehr \u00fcblich sei, schreibt die Konzertdirektion Schmid. <\/span><\/p>\n<p>\u00a0<\/p>\n<p><span style=\"font-family: arial,helvetica,sans-serif; font-size: small;\">Neben seiner T\u00e4tigkeit in Darmstadt dirigierte Drewanz Orchester im In- und Ausland. Er war insbesondere dem NHK Symphony Orchestra in Tokio eng verbunden. Zuletzt unterrichtete er am Salzburger Mozarteum. <em>(cf)<\/em><\/span><\/p>\n","protected":false},"excerpt":{"rendered":"<p><span style=\"font-family: arial,helvetica,sans-serif; font-size: small;\">03.12.2014 &#8212; Die Stadt Darmstadt zeichnet den in Dresden geborenen und in Berlin aufgewachsenen Dirigenten Hans Drewanz mit dem Musikpreis f\u00fcr sein Lebenswerk aus.<\/span><\/p>\n","protected":false},"author":1,"featured_media":0,"comment_status":"open","ping_status":"open","sticky":false,"template":"","format":"standard","meta":{"footnotes":""},"categories":[2],"tags":[],"class_list":["post-1935","post","type-post","status-publish","format-standard","hentry","category-nachrichten","entry"],"_links":{"self":[{"href":"https:\/\/codexflores.ch\/index.php\/wp-json\/wp\/v2\/posts\/1935","targetHints":{"allow":["GET"]}}],"collection":[{"href":"https:\/\/codexflores.ch\/index.php\/wp-json\/wp\/v2\/posts"}],"about":[{"href":"https:\/\/codexflores.ch\/index.php\/wp-json\/wp\/v2\/types\/post"}],"author":[{"embeddable":true,"href":"https:\/\/codexflores.ch\/index.php\/wp-json\/wp\/v2\/users\/1"}],"replies":[{"embeddable":true,"href":"https:\/\/codexflores.ch\/index.php\/wp-json\/wp\/v2\/comments?post=1935"}],"version-history":[{"count":0,"href":"https:\/\/codexflores.ch\/index.php\/wp-json\/wp\/v2\/posts\/1935\/revisions"}],"wp:attachment":[{"href":"https:\/\/codexflores.ch\/index.php\/wp-json\/wp\/v2\/media?parent=1935"}],"wp:term":[{"taxonomy":"category","embeddable":true,"href":"https:\/\/codexflores.ch\/index.php\/wp-json\/wp\/v2\/categories?post=1935"},{"taxonomy":"post_tag","embeddable":true,"href":"https:\/\/codexflores.ch\/index.php\/wp-json\/wp\/v2\/tags?post=1935"}],"curies":[{"name":"wp","href":"https:\/\/api.w.org\/{rel}","templated":true}]}}