{"id":1936,"date":"2014-12-03T07:11:11","date_gmt":"2014-12-03T07:11:11","guid":{"rendered":"https:\/\/codexflores.ch\/index.php\/2014\/12\/03\/noseda-will-turiner-vertrag-verlaengern\/"},"modified":"2014-12-03T07:11:11","modified_gmt":"2014-12-03T07:11:11","slug":"noseda-will-turiner-vertrag-verlaengern","status":"publish","type":"post","link":"https:\/\/codexflores.ch\/index.php\/2014\/12\/03\/noseda-will-turiner-vertrag-verlaengern\/","title":{"rendered":"Noseda will Turiner Vertrag verl\u00e4ngern"},"content":{"rendered":"<p><span style=\"font-family: arial,helvetica,sans-serif; font-size: small;\">03.12.2014 &#8212; Gianandrea Noseda, der Musikalische Leiter des Teatro Regio in Turin, hatte vor einer Amerika-Tournee des Hauses gedroht, sein Amt niederzulegen, wenn nicht einschneidende Ver\u00e4nderungen realisiert w\u00fcrden. Nun will er seinen Vertrag\u00a0\u2013 auch aus Sorge um die bedrohten italienischen Kulturinstitutionen \u2013 offenbar verl\u00e4ngern.<\/span><\/p>\n<p><span style=\"font-family: arial,helvetica,sans-serif; font-size: small;\"><strong>03.12.2014 &#8212; <span style=\"font-family: arial,helvetica,sans-serif; font-size: small;\">Gianandrea Noseda<\/span>, der Musikalische Leiter des Teatro Regio in Turin, hatte vor einer Amerika-Tournee des Hauses gedroht, sein Amt niederzulegen, wenn nicht einschneidende Ver\u00e4nderungen realisiert w\u00fcrden. Nun will er seinen Vertrag\u00a0\u2013 auch aus Sorge um die bedrohten italienischen Kulturinstitutionen \u2013 offenbar verl\u00e4ngern.<\/strong><\/span><\/p>\n<p>\u00a0<\/p>\n<p><span style=\"font-family: arial,helvetica,sans-serif; font-size: small;\">Laut einem Bericht der <em>New York Times<\/em> war Noseda bislang bloss bereit als Gastdirigent weitere Verpflichtungen in Turin zu \u00fcbernehmen. Insbesondere verlangte er die Abberufung des Generaldirektors Walter Vergnano. Nun geht er davon aus, dass sein Vertrag\u00a0 um zwei Jahre verl\u00e4ngert wird, mit einer Option auf eine weitere Verl\u00e4ngerung um drei Jahre.<\/span><\/p>\n<p>\u00a0<\/p>\n<p><span style=\"font-family: arial,helvetica,sans-serif; font-size: small;\">Hinter den Kulissen arbeitete laut <em>New York Times<\/em> vor allem der Turiner B\u00fcrgermeister Piero Fassino an einer L\u00f6sung\u00a0 f\u00fcr das Engagement Nosedas. Diese fand sich offenbar in der Person eines breit akzeptierten neuen K\u00fcnstlerischen Leiter des Hauses: Es handelt sich um Gast\u00f3n Fournier-Facio, der zuvor an der Scala in Mailand und der Accademia di Santa Cecilia in Rom F\u00fchrungsfunktionen innehatte.<em> (cf)<\/em><\/span><\/p>\n","protected":false},"excerpt":{"rendered":"<p><span style=\"font-family: arial,helvetica,sans-serif; font-size: small;\">03.12.2014 &#8212; Gianandrea Noseda, der Musikalische Leiter des Teatro Regio in Turin, hatte vor einer Amerika-Tournee des Hauses gedroht, sein Amt niederzulegen, wenn nicht einschneidende Ver\u00e4nderungen realisiert w\u00fcrden. Nun will er seinen Vertrag\u00a0\u2013 auch aus Sorge um die bedrohten italienischen Kulturinstitutionen \u2013 offenbar verl\u00e4ngern.<\/span><\/p>\n","protected":false},"author":1,"featured_media":0,"comment_status":"open","ping_status":"open","sticky":false,"template":"","format":"standard","meta":{"footnotes":""},"categories":[2],"tags":[],"class_list":["post-1936","post","type-post","status-publish","format-standard","hentry","category-nachrichten","entry"],"_links":{"self":[{"href":"https:\/\/codexflores.ch\/index.php\/wp-json\/wp\/v2\/posts\/1936","targetHints":{"allow":["GET"]}}],"collection":[{"href":"https:\/\/codexflores.ch\/index.php\/wp-json\/wp\/v2\/posts"}],"about":[{"href":"https:\/\/codexflores.ch\/index.php\/wp-json\/wp\/v2\/types\/post"}],"author":[{"embeddable":true,"href":"https:\/\/codexflores.ch\/index.php\/wp-json\/wp\/v2\/users\/1"}],"replies":[{"embeddable":true,"href":"https:\/\/codexflores.ch\/index.php\/wp-json\/wp\/v2\/comments?post=1936"}],"version-history":[{"count":0,"href":"https:\/\/codexflores.ch\/index.php\/wp-json\/wp\/v2\/posts\/1936\/revisions"}],"wp:attachment":[{"href":"https:\/\/codexflores.ch\/index.php\/wp-json\/wp\/v2\/media?parent=1936"}],"wp:term":[{"taxonomy":"category","embeddable":true,"href":"https:\/\/codexflores.ch\/index.php\/wp-json\/wp\/v2\/categories?post=1936"},{"taxonomy":"post_tag","embeddable":true,"href":"https:\/\/codexflores.ch\/index.php\/wp-json\/wp\/v2\/tags?post=1936"}],"curies":[{"name":"wp","href":"https:\/\/api.w.org\/{rel}","templated":true}]}}