{"id":1937,"date":"2014-12-03T07:19:38","date_gmt":"2014-12-03T07:19:38","guid":{"rendered":"https:\/\/codexflores.ch\/index.php\/2014\/12\/03\/andreas-von-graffenried-kehrt-bayreuth-den-ruecken\/"},"modified":"2014-12-03T07:19:38","modified_gmt":"2014-12-03T07:19:38","slug":"andreas-von-graffenried-kehrt-bayreuth-den-ruecken","status":"publish","type":"post","link":"https:\/\/codexflores.ch\/index.php\/2014\/12\/03\/andreas-von-graffenried-kehrt-bayreuth-den-ruecken\/","title":{"rendered":"Andreas von Graffenried kehrt Bayreuth den R\u00fccken"},"content":{"rendered":"<p><span style=\"font-family: arial,helvetica,sans-serif; font-size: small;\">03.12.2014 &#8212; Der Schweizer Andreas von Graffenried h\u00e4tte den Posten von Karlheinz Matitschka, des in Pension gehenden Technischen Direktors der Bayreuther Festspiele, \u00fcbernehmen sollen. Das tut er nun aber offenbar nicht.<\/span><\/p>\n<p><span style=\"font-family: arial,helvetica,sans-serif; font-size: small;\"><strong>03.12.2014 &#8212; Der Schweizer Andreas von Graffenried h\u00e4tte den Posten von Karlheinz Matitschka, des in Pension gehenden Technischen Direktors der Bayreuther Festspiele, \u00fcbernehmen sollen. Das tut er nun aber offenbar nicht.<\/strong><\/span><\/p>\n<p>\u00a0<\/p>\n<p><span style=\"font-family: arial,helvetica,sans-serif; font-size: small;\">Von Graffenried war stellvertretender technischer Direktor der Bayreuther Festspiele und designierter Nachfolger\u00a0 Matitschkas. Wie die lokale Presse vermeldet, hat nun aber auch\u00a0von Graffenried seinen Hut genommen.<\/span><\/p>\n<p><span style=\"font-family: arial,helvetica,sans-serif; font-size: small;\">\u00a0<\/span><\/p>\n<p><span style=\"font-family: arial,helvetica,sans-serif; font-size: small;\">Die Bayreuther Festspiele stehen damit\u00a0ein halbes Jahr vor Katharina Wagners Neuinszenierung von <em>Tristan und Isolde<\/em> ohne technischen Direktor und Werkst\u00e4ttenleiter, wie der <em>Nordbayerische Kurier<\/em> schreibt. <em>(cf)<\/em><\/span><\/p>\n<p><span style=\"font-family: arial,helvetica,sans-serif; font-size: small;\"><em>\u00a0<\/em><\/span><\/p>\n<p><span style=\"font-family: arial,helvetica,sans-serif; font-size: x-small;\"><em>Anm: In einer fr\u00fcheren Version der Nachricht hat Codex flores die Mitteilung des <em>Nordbayerische Kuriers zitiert, der schrieb, dass Matitschka freigestellt worden sei. In einer Zusendung hat Karlheinz Matitschka dazu erkl\u00e4rt, dass der verantwortliche Redaktor der Zeitung sich f\u00fcr \u00abseine Wortwahl der &#8218;Freistellung&#8216; \u00bb bei ihm schriftlich entschuldigt habe. Er <\/em>habe sich mit der Gesch\u00e4ftsf\u00fchrung der Bayreuther Festspiele einvernehmlich verst\u00e4ndigt, das Dienstverh\u00e4ltnis vorzeitig (statt am 31.10.2015) am 31.10.2014 zu beenden. Dadurch werde in einem Jahr ohne Neuinszenierung bei den Bayreuther Festspielen ein reibungsloser \u00dcbergang in der technischen Leitung zu seinem Nachfolger gew\u00e4hrleistet.<\/em><\/span><\/p>\n<p><span style=\"font-family: arial,helvetica,sans-serif; font-size: small;\"><em><span style=\"font-family: Tahoma;\"><span><span style=\"font-size: 10pt;\"><em><span style=\"font-family: arial,helvetica,sans-serif; font-size: small;\"><span><span style=\"font-family: Tahoma;\"><span style=\"font-size: 10pt;\">\u00a0<\/span><\/span><\/span><\/span><\/em><\/span><\/span><\/span><\/em><\/span><\/p>\n<p style=\"margin: 0cm 0cm 0pt;\">\u00a0<\/p>\n<p><span style=\"font-family: arial,helvetica,sans-serif; font-size: small;\"><em>\u00a0<\/em><\/span><\/p>\n","protected":false},"excerpt":{"rendered":"<p><span style=\"font-family: arial,helvetica,sans-serif; font-size: small;\">03.12.2014 &#8212; Der Schweizer Andreas von Graffenried h\u00e4tte den Posten von Karlheinz Matitschka, des in Pension gehenden Technischen Direktors der Bayreuther Festspiele, \u00fcbernehmen sollen. Das tut er nun aber offenbar nicht.<\/span><\/p>\n","protected":false},"author":1,"featured_media":0,"comment_status":"open","ping_status":"open","sticky":false,"template":"","format":"standard","meta":{"footnotes":""},"categories":[2],"tags":[],"class_list":["post-1937","post","type-post","status-publish","format-standard","hentry","category-nachrichten","entry"],"_links":{"self":[{"href":"https:\/\/codexflores.ch\/index.php\/wp-json\/wp\/v2\/posts\/1937","targetHints":{"allow":["GET"]}}],"collection":[{"href":"https:\/\/codexflores.ch\/index.php\/wp-json\/wp\/v2\/posts"}],"about":[{"href":"https:\/\/codexflores.ch\/index.php\/wp-json\/wp\/v2\/types\/post"}],"author":[{"embeddable":true,"href":"https:\/\/codexflores.ch\/index.php\/wp-json\/wp\/v2\/users\/1"}],"replies":[{"embeddable":true,"href":"https:\/\/codexflores.ch\/index.php\/wp-json\/wp\/v2\/comments?post=1937"}],"version-history":[{"count":0,"href":"https:\/\/codexflores.ch\/index.php\/wp-json\/wp\/v2\/posts\/1937\/revisions"}],"wp:attachment":[{"href":"https:\/\/codexflores.ch\/index.php\/wp-json\/wp\/v2\/media?parent=1937"}],"wp:term":[{"taxonomy":"category","embeddable":true,"href":"https:\/\/codexflores.ch\/index.php\/wp-json\/wp\/v2\/categories?post=1937"},{"taxonomy":"post_tag","embeddable":true,"href":"https:\/\/codexflores.ch\/index.php\/wp-json\/wp\/v2\/tags?post=1937"}],"curies":[{"name":"wp","href":"https:\/\/api.w.org\/{rel}","templated":true}]}}