{"id":1946,"date":"2014-12-08T06:50:44","date_gmt":"2014-12-08T06:50:44","guid":{"rendered":"https:\/\/codexflores.ch\/index.php\/2014\/12\/08\/br-macht-druck-in-muenchner-saaldiskussion\/"},"modified":"2014-12-08T06:50:44","modified_gmt":"2014-12-08T06:50:44","slug":"br-macht-druck-in-muenchner-saaldiskussion","status":"publish","type":"post","link":"https:\/\/codexflores.ch\/index.php\/2014\/12\/08\/br-macht-druck-in-muenchner-saaldiskussion\/","title":{"rendered":"BR macht Druck in M\u00fcnchner Saaldiskussion"},"content":{"rendered":"<p><span style=\"font-family: arial,helvetica,sans-serif; font-size: small;\">08.12.2014 &#8212; In der M\u00fcnchner Konzertsaal-Diskussion unterst\u00fctzen die Aufsichtsgremien des Bayerischen Rundfunks (BR) den Intendanten Ulrich Wilhelm und den Chefdirigenten des BR-Symphonieorchesters, Mariss Jansons, in ihrem Bem\u00fchen um einen zus\u00e4tzlichen Saal in der s\u00fcddeutschen Orchestermetropole.<\/span><\/p>\n<p><span style=\"font-family: arial,helvetica,sans-serif; font-size: small;\"><strong>08.12.2014 &#8212; In der M\u00fcnchner Konzertsaal-Diskussion unterst\u00fctzen die Aufsichtsgremien des Bayerischen Rundfunks (BR) den Intendanten Ulrich Wilhelm und den Chefdirigenten des BR-Symphonieorchesters, Mariss Jansons, in ihrem Bem\u00fchen um einen zus\u00e4tzlichen Saal in der s\u00fcddeutschen Orchestermetropole.<\/strong><\/span><\/p>\n<p><span style=\"font-family: arial,helvetica,sans-serif; font-size: small;\">\u00a0<\/span><\/p>\n<p><span style=\"font-family: arial,helvetica,sans-serif; font-size: small;\">Nach einer einstimmig verabschiedeten Resolution des BR-Verwaltungsrats hat der Rundfunkrat Wilhelm beauftragt, sich weiter f\u00fcr einen neuen Konzertsaal einzusetzen. Der Rundfunkrat will dazu in naher Zukunft eine gr\u00fcndliche Diskussion f\u00fchren.<\/span><\/p>\n<p><span style=\"font-family: arial,helvetica,sans-serif; font-size: small;\">\u00a0<\/span><\/p>\n<p><span style=\"font-family: arial,helvetica,sans-serif; font-size: small;\">Ins Auge gefasst wird ein Konzertsaal mit einer Kapazit\u00e4t von rund 2000 Sitzpl\u00e4tzen und erstklassiger Akustik. Exzellente neue Spielst\u00e4tten br\u00e4chten nach \u00dcberzeugung des BR Spitzenk\u00fcnstler aus aller Welt nach M\u00fcnchen und erm\u00f6glichten mehr musikalische Nachwuchsarbeit. Nur \u00abein eigenes, rundfunktechnisch perfekt ausgestattetes Haus\u00bb erm\u00f6gliche auch Live\u00fcbertragungen aller Konzerte weltweit im Internet, so der BR weiter. <em>(cf)<\/em><\/span><\/p>\n","protected":false},"excerpt":{"rendered":"<p><span style=\"font-family: arial,helvetica,sans-serif; font-size: small;\">08.12.2014 &#8212; In der M\u00fcnchner Konzertsaal-Diskussion unterst\u00fctzen die Aufsichtsgremien des Bayerischen Rundfunks (BR) den Intendanten Ulrich Wilhelm und den Chefdirigenten des BR-Symphonieorchesters, Mariss Jansons, in ihrem Bem\u00fchen um einen zus\u00e4tzlichen Saal in der s\u00fcddeutschen Orchestermetropole.<\/span><\/p>\n","protected":false},"author":1,"featured_media":0,"comment_status":"open","ping_status":"open","sticky":false,"template":"","format":"standard","meta":{"footnotes":""},"categories":[2],"tags":[],"class_list":["post-1946","post","type-post","status-publish","format-standard","hentry","category-nachrichten","entry"],"_links":{"self":[{"href":"https:\/\/codexflores.ch\/index.php\/wp-json\/wp\/v2\/posts\/1946","targetHints":{"allow":["GET"]}}],"collection":[{"href":"https:\/\/codexflores.ch\/index.php\/wp-json\/wp\/v2\/posts"}],"about":[{"href":"https:\/\/codexflores.ch\/index.php\/wp-json\/wp\/v2\/types\/post"}],"author":[{"embeddable":true,"href":"https:\/\/codexflores.ch\/index.php\/wp-json\/wp\/v2\/users\/1"}],"replies":[{"embeddable":true,"href":"https:\/\/codexflores.ch\/index.php\/wp-json\/wp\/v2\/comments?post=1946"}],"version-history":[{"count":0,"href":"https:\/\/codexflores.ch\/index.php\/wp-json\/wp\/v2\/posts\/1946\/revisions"}],"wp:attachment":[{"href":"https:\/\/codexflores.ch\/index.php\/wp-json\/wp\/v2\/media?parent=1946"}],"wp:term":[{"taxonomy":"category","embeddable":true,"href":"https:\/\/codexflores.ch\/index.php\/wp-json\/wp\/v2\/categories?post=1946"},{"taxonomy":"post_tag","embeddable":true,"href":"https:\/\/codexflores.ch\/index.php\/wp-json\/wp\/v2\/tags?post=1946"}],"curies":[{"name":"wp","href":"https:\/\/api.w.org\/{rel}","templated":true}]}}