{"id":1952,"date":"2014-12-09T09:40:15","date_gmt":"2014-12-09T09:40:15","guid":{"rendered":"https:\/\/codexflores.ch\/index.php\/2014\/12\/09\/weigand-wird-generalintendant-in-dessau\/"},"modified":"2014-12-09T09:40:15","modified_gmt":"2014-12-09T09:40:15","slug":"weigand-wird-generalintendant-in-dessau","status":"publish","type":"post","link":"https:\/\/codexflores.ch\/index.php\/2014\/12\/09\/weigand-wird-generalintendant-in-dessau\/","title":{"rendered":"Weigand wird Generalintendant in Dessau"},"content":{"rendered":"<p><span style=\"font-family: arial,helvetica,sans-serif; font-size: small;\">09.12.2014 &#8212; Laut einer Meldung der Stadt Dessau-Rosslau soll\u00a0Johannes Weigand, der fr\u00fchere Opernintendant und Gesch\u00e4ftsf\u00fchrer der Wuppertaler B\u00fchnen und Sinfonieorchester, das Amt des Generalintendanten des Anhaltischen Theaters Dessau \u00fcbernehmen.<\/span><\/p>\n<p><span style=\"font-family: arial,helvetica,sans-serif; font-size: small;\"><strong>09.12.2014 &#8212; Laut einer Meldung der Stadt Dessau-Rosslau soll\u00a0Johannes Weigand, <span style=\"font-family: arial,helvetica,sans-serif; font-size: small;\">der fr\u00fchere <\/span>Opernintendant und Gesch\u00e4ftsf\u00fchrer der Wuppertaler B\u00fchnen und Sinfonieorchester, das Amt des Generalintendanten des Anhaltischen Theaters Dessau \u00fcbernehmen.<\/strong><\/span><\/p>\n<p><span style=\"font-family: arial,helvetica,sans-serif; font-size: small;\">\u00a0<\/span><\/p>\n<p><span style=\"font-family: arial,helvetica,sans-serif; font-size: small;\">Das Amt in Dessau hat zur Zeit Andr\u00e9 B\u00fccker inne. Der 1966 in Heidelberg geborene Weigand\u00a0 hat Musiktheater-Regie an der Hochschule f\u00fcr Musik und Theater Hamburg studiert. Er ist von der Findungskommission als einziger aus 35 Bewerbern zur Vorstellung vorgeschlagen worden.<\/span><\/p>\n<p>\u00a0<\/p>\n<p><span style=\"font-family: arial,helvetica,sans-serif; font-size: small;\">Unter der Leitung B\u00fcckers ist am Anhaltischen Theater Dessau nach 2009 eine k\u00fcnstlerische Neuausrichtung und ein grosser Wechsel beim Leitungspersonal vollzogen worden. Generalmusikdirektor wurde Antony Hermus. Neuer Ballettdirektor Tomasz Kajdanski. Neben der neuen Chefregisseurin Andrea Moses kamen rund 50 weitere K\u00fcnstler aller Sparten neu ans Haus. 2013 erw\u00e4gte die Landesregierung von Sachsen-Anhalt rigorose Sparpl\u00e4ne, deren Umsetzung \u00abdas Anhaltische Theater Dessau in seinen Grundfesten ersch\u00fcttern w\u00fcrden\u00bb, wie das Theater schreibt. <em>(cf)<\/em><\/span><\/p>\n<p>\u00a0<\/p>\n","protected":false},"excerpt":{"rendered":"<p><span style=\"font-family: arial,helvetica,sans-serif; font-size: small;\">09.12.2014 &#8212; Laut einer Meldung der Stadt Dessau-Rosslau soll\u00a0Johannes Weigand, der fr\u00fchere Opernintendant und Gesch\u00e4ftsf\u00fchrer der Wuppertaler B\u00fchnen und Sinfonieorchester, das Amt des Generalintendanten des Anhaltischen Theaters Dessau \u00fcbernehmen.<\/span><\/p>\n","protected":false},"author":1,"featured_media":0,"comment_status":"open","ping_status":"open","sticky":false,"template":"","format":"standard","meta":{"footnotes":""},"categories":[2],"tags":[],"class_list":["post-1952","post","type-post","status-publish","format-standard","hentry","category-nachrichten","entry"],"_links":{"self":[{"href":"https:\/\/codexflores.ch\/index.php\/wp-json\/wp\/v2\/posts\/1952","targetHints":{"allow":["GET"]}}],"collection":[{"href":"https:\/\/codexflores.ch\/index.php\/wp-json\/wp\/v2\/posts"}],"about":[{"href":"https:\/\/codexflores.ch\/index.php\/wp-json\/wp\/v2\/types\/post"}],"author":[{"embeddable":true,"href":"https:\/\/codexflores.ch\/index.php\/wp-json\/wp\/v2\/users\/1"}],"replies":[{"embeddable":true,"href":"https:\/\/codexflores.ch\/index.php\/wp-json\/wp\/v2\/comments?post=1952"}],"version-history":[{"count":0,"href":"https:\/\/codexflores.ch\/index.php\/wp-json\/wp\/v2\/posts\/1952\/revisions"}],"wp:attachment":[{"href":"https:\/\/codexflores.ch\/index.php\/wp-json\/wp\/v2\/media?parent=1952"}],"wp:term":[{"taxonomy":"category","embeddable":true,"href":"https:\/\/codexflores.ch\/index.php\/wp-json\/wp\/v2\/categories?post=1952"},{"taxonomy":"post_tag","embeddable":true,"href":"https:\/\/codexflores.ch\/index.php\/wp-json\/wp\/v2\/tags?post=1952"}],"curies":[{"name":"wp","href":"https:\/\/api.w.org\/{rel}","templated":true}]}}