{"id":1968,"date":"2014-12-15T07:32:02","date_gmt":"2014-12-15T07:32:02","guid":{"rendered":"https:\/\/codexflores.ch\/index.php\/2014\/12\/15\/karajan-seines-taktstockes-beraubt\/"},"modified":"2014-12-15T07:32:02","modified_gmt":"2014-12-15T07:32:02","slug":"karajan-seines-taktstockes-beraubt","status":"publish","type":"post","link":"https:\/\/codexflores.ch\/index.php\/2014\/12\/15\/karajan-seines-taktstockes-beraubt\/","title":{"rendered":"Karajan seines Taktstockes beraubt"},"content":{"rendered":"<p><span style=\"font-family: arial,helvetica,sans-serif; font-size: small;\">15.12.2014 &#8212; Unbekannte haben den Taktstock der lebensgrossen <span class=\"ws_nw\">Bronzes<\/span>kulptur Herbert von Karajans im Vorgarten seines Geburtshauses in Salzburg abgebrochen.<\/span><\/p>\n<p><span style=\"font-family: arial,helvetica,sans-serif; font-size: small;\"><strong>15.12.2014 &#8212; Unbekannte haben den Taktstock der lebensgrossen <span class=\"ws_nw\">Bronzes<\/span>kulptur Herbert von Karajans im Vorgarten seines Geburtshauses in Salzburg abgebrochen.<\/strong><\/span><\/p>\n<p>\u00a0<\/p>\n<p><span style=\"font-family: arial,helvetica,sans-serif; font-size: small;\">Laut einem Bericht der \u00f6sterreichischen <em>Kronen-Zeitung<\/em> ist \u00fcber die Motive des Vandalenaktes nichts bekannt. Teile des abgebrochenen Stockes sind im Vorgarten zur\u00fcckgelassen worden. Damit d\u00fcrfte Reliquienj\u00e4gerei ausgeschlossen werden.<\/span><\/p>\n<p><span style=\"font-family: arial,helvetica,sans-serif; font-size: small;\"> \u00a0 <\/span><\/p>\n<p><span style=\"font-family: arial,helvetica,sans-serif; font-size: small;\">Wie lange der bronzene Karajan ohne Taktstock auskommen muss, stehe noch nicht fest, so die <em>Kronen-Zeitung<\/em> weiter. Das <span class=\"ws_nw\">Karajan-<\/span>Denkmal, ein Werk der K\u00fcnstlerin Anna Chromy, ist 2001 von Karajans Witwe Eliette von Karajan eingeweiht worden. <em>(cf)<\/em><\/span><\/p>\n","protected":false},"excerpt":{"rendered":"<p><span style=\"font-family: arial,helvetica,sans-serif; font-size: small;\">15.12.2014 &#8212; Unbekannte haben den Taktstock der lebensgrossen <span class=\"ws_nw\">Bronzes<\/span>kulptur Herbert von Karajans im Vorgarten seines Geburtshauses in Salzburg abgebrochen.<\/span><\/p>\n","protected":false},"author":1,"featured_media":0,"comment_status":"open","ping_status":"open","sticky":false,"template":"","format":"standard","meta":{"footnotes":""},"categories":[2],"tags":[],"class_list":["post-1968","post","type-post","status-publish","format-standard","hentry","category-nachrichten","entry"],"_links":{"self":[{"href":"https:\/\/codexflores.ch\/index.php\/wp-json\/wp\/v2\/posts\/1968","targetHints":{"allow":["GET"]}}],"collection":[{"href":"https:\/\/codexflores.ch\/index.php\/wp-json\/wp\/v2\/posts"}],"about":[{"href":"https:\/\/codexflores.ch\/index.php\/wp-json\/wp\/v2\/types\/post"}],"author":[{"embeddable":true,"href":"https:\/\/codexflores.ch\/index.php\/wp-json\/wp\/v2\/users\/1"}],"replies":[{"embeddable":true,"href":"https:\/\/codexflores.ch\/index.php\/wp-json\/wp\/v2\/comments?post=1968"}],"version-history":[{"count":0,"href":"https:\/\/codexflores.ch\/index.php\/wp-json\/wp\/v2\/posts\/1968\/revisions"}],"wp:attachment":[{"href":"https:\/\/codexflores.ch\/index.php\/wp-json\/wp\/v2\/media?parent=1968"}],"wp:term":[{"taxonomy":"category","embeddable":true,"href":"https:\/\/codexflores.ch\/index.php\/wp-json\/wp\/v2\/categories?post=1968"},{"taxonomy":"post_tag","embeddable":true,"href":"https:\/\/codexflores.ch\/index.php\/wp-json\/wp\/v2\/tags?post=1968"}],"curies":[{"name":"wp","href":"https:\/\/api.w.org\/{rel}","templated":true}]}}