{"id":1971,"date":"2014-12-16T06:55:48","date_gmt":"2014-12-16T06:55:48","guid":{"rendered":"https:\/\/codexflores.ch\/index.php\/2014\/12\/16\/philharmonie-de-paris-in-einem-monat-offen\/"},"modified":"2014-12-16T06:55:48","modified_gmt":"2014-12-16T06:55:48","slug":"philharmonie-de-paris-in-einem-monat-offen","status":"publish","type":"post","link":"https:\/\/codexflores.ch\/index.php\/2014\/12\/16\/philharmonie-de-paris-in-einem-monat-offen\/","title":{"rendered":"Philharmonie de Paris in einem Monat offen"},"content":{"rendered":"<p><span style=\"font-family: arial,helvetica,sans-serif; font-size: small;\">16.12.2014 &#8212; Frankreichs neues internationales Zentrum f\u00fcr Musik, die Philharmonie de Paris, nimmt am 14. Januar 2015 ihren Betrieb auf. Der Philharmonie-Neubau vervollst\u00e4ndigt \u00abden gr\u00f6ssten Musik-Campus der Welt\u00bb im Parc de la Villette.<\/span><\/p>\n<p><span style=\"font-family: arial,helvetica,sans-serif; font-size: small;\"><strong>16.12.2014 &#8212; Frankreichs neues internationales Zentrum f\u00fcr Musik, die Philharmonie de Paris, nimmt am 14. Januar 2015 ihren Betrieb auf. Der Philharmonie-Neubau vervollst\u00e4ndigt \u00abden gr\u00f6ssten Musik-Campus der Welt\u00bb im Parc de la Villette.<\/strong><\/span><\/p>\n<p><span style=\"font-family: arial,helvetica,sans-serif; font-size: small;\">\u00a0<\/span><\/p>\n<p><span style=\"font-family: arial,helvetica,sans-serif; font-size: small;\">Der Musik-Campus verf\u00fcgt bereits \u00fcber einen Konzertsaal mit 1000 Pl\u00e4tzen (die Philharmonie 2, ehemals La Cit\u00e9 de la Musique), ein Amphitheater mit 250 Pl\u00e4tzen, eine Mediathek und das Musikmuseum. Der Neubau erg\u00e4nzt dies mit einem grossen Saal f\u00fcr bis zu 2400 Besucher, 15 Prober\u00e4ume unterschiedlicher Gr\u00f6sse, von ger\u00e4umigen S\u00e4len f\u00fcr ein volles Orchester bis hin zu kleinen Studios f\u00fcr Kammermusik oder solistisches Spiel, ein Zentrum f\u00fcr Musikausbildung, mit f\u00fcnfzehn Werkst\u00e4tten, ein Aufnahmestudio und Vortragsr\u00e4ume.<\/span><\/p>\n<p>\u00a0<\/p>\n<p><span style=\"font-family: arial,helvetica,sans-serif; font-size: small;\">Auf 800 Quadratmetern Ausstellungsfl\u00e4che werden \u00fcberdies zeitgen\u00f6ssische Ausstellungen in Abstimmung mit dem jeweiligen Musikprogramm gezeigt. Ein \u00f6ffentlicher Vortragssaal hat 200 Pl\u00e4tze f\u00fcr Symposien, Seminare, kleine Konzerte und Filmvorf\u00fchrungen sowie f\u00fcr Bildungsprojekte und Proben. Hinzu kommen ein Panorama-Restaurant im obersten Stockwerk mit Sicht \u00fcber Paris sowie Caf\u00e9s und Bars.<\/span><\/p>\n<p><span style=\"font-family: arial,helvetica,sans-serif; font-size: small;\">\u00a0<\/span><\/p>\n<p><span style=\"font-family: arial,helvetica,sans-serif; font-size: small;\">Das Orchestre de Paris, Les Arts Florissants, das Ensemble Intercontemporain und das Pariser Kammerorchester, H\u00e9l\u00e8ne Grimaud, Renaud Capu\u00e7on und Lang Lang werden die Feierlichkeiten zur Er\u00f6ffnung anf\u00fchren. <em>(cf)<\/em><\/span><\/p>\n<p><span style=\"font-family: arial,helvetica,sans-serif; font-size: small;\">\u00a0<\/span><\/p>\n","protected":false},"excerpt":{"rendered":"<p><span style=\"font-family: arial,helvetica,sans-serif; font-size: small;\">16.12.2014 &#8212; Frankreichs neues internationales Zentrum f\u00fcr Musik, die Philharmonie de Paris, nimmt am 14. Januar 2015 ihren Betrieb auf. Der Philharmonie-Neubau vervollst\u00e4ndigt \u00abden gr\u00f6ssten Musik-Campus der Welt\u00bb im Parc de la Villette.<\/span><\/p>\n","protected":false},"author":1,"featured_media":0,"comment_status":"open","ping_status":"open","sticky":false,"template":"","format":"standard","meta":{"footnotes":""},"categories":[2],"tags":[],"class_list":["post-1971","post","type-post","status-publish","format-standard","hentry","category-nachrichten","entry"],"_links":{"self":[{"href":"https:\/\/codexflores.ch\/index.php\/wp-json\/wp\/v2\/posts\/1971","targetHints":{"allow":["GET"]}}],"collection":[{"href":"https:\/\/codexflores.ch\/index.php\/wp-json\/wp\/v2\/posts"}],"about":[{"href":"https:\/\/codexflores.ch\/index.php\/wp-json\/wp\/v2\/types\/post"}],"author":[{"embeddable":true,"href":"https:\/\/codexflores.ch\/index.php\/wp-json\/wp\/v2\/users\/1"}],"replies":[{"embeddable":true,"href":"https:\/\/codexflores.ch\/index.php\/wp-json\/wp\/v2\/comments?post=1971"}],"version-history":[{"count":0,"href":"https:\/\/codexflores.ch\/index.php\/wp-json\/wp\/v2\/posts\/1971\/revisions"}],"wp:attachment":[{"href":"https:\/\/codexflores.ch\/index.php\/wp-json\/wp\/v2\/media?parent=1971"}],"wp:term":[{"taxonomy":"category","embeddable":true,"href":"https:\/\/codexflores.ch\/index.php\/wp-json\/wp\/v2\/categories?post=1971"},{"taxonomy":"post_tag","embeddable":true,"href":"https:\/\/codexflores.ch\/index.php\/wp-json\/wp\/v2\/tags?post=1971"}],"curies":[{"name":"wp","href":"https:\/\/api.w.org\/{rel}","templated":true}]}}