{"id":1978,"date":"2014-12-17T07:27:29","date_gmt":"2014-12-17T07:27:29","guid":{"rendered":"https:\/\/codexflores.ch\/index.php\/2014\/12\/17\/oberwalliser-vokalensemble-nach-marktoberdorf-eingeladen\/"},"modified":"2014-12-17T07:27:29","modified_gmt":"2014-12-17T07:27:29","slug":"oberwalliser-vokalensemble-nach-marktoberdorf-eingeladen","status":"publish","type":"post","link":"https:\/\/codexflores.ch\/index.php\/2014\/12\/17\/oberwalliser-vokalensemble-nach-marktoberdorf-eingeladen\/","title":{"rendered":"Oberwalliser Vokalensemble nach Marktoberdorf eingeladen"},"content":{"rendered":"<p><span style=\"font-family: arial,helvetica,sans-serif; font-size: small;\">17.12.2014 &#8212; Das Oberwalliser Vokalensemble, unter der Leitung von Hansruedi K\u00e4mpfen, ist als einziges Schweizer Ensemble eingeladen worden, am 14. Internationalen Kammerchor-Wettbewerb in Marktoberdorf 2015 teilzunehmen.<\/span><\/p>\n<p><span style=\"font-family: arial,helvetica,sans-serif; font-size: small;\"><strong>17.12.2014 &#8212; Das Oberwalliser Vokalensemble, unter der Leitung von Hansruedi K\u00e4mpfen, ist als einziges Schweizer Ensemble eingeladen worden, am 14. Internationalen Kammerchor-Wettbewerb in Marktoberdorf 2015 teilzunehmen.<\/strong><\/span><\/p>\n<p>\u00a0<\/p>\n<p align=\"left\"><span style=\"font-family: arial,helvetica,sans-serif; font-size: small;\">Der Internationale Kammerchor-Wettbewerb in Marktoberdorf (D) ist einer der renommiertesten Wettbewerbe f\u00fcr Kammerch\u00f6re weltweit. Der Wettbewerb will die besten Ch\u00f6re der Welt im Vergleich zusammenf\u00fchren und zugleich einen Austausch \u00fcber Chorliteratur der einzelnen L\u00e4nder, Interpretationen, Stile, Stimmbildungen und Techniken erm\u00f6glichen. Hier steht die internationale Begegnung in und mit der Musik im Vordergrund.<\/span><\/p>\n<p align=\"left\">\u00a0<\/p>\n<p align=\"left\"><span style=\"font-family: arial,helvetica,sans-serif; font-size: small;\">Es ist erst das dritte Mail in der Geschichte des Wettbewerbes, dass ein Schweizer Chor eingeladen worden ist.<em> (cf)<\/em><\/span><\/p>\n<p align=\"left\">\u00a0<\/p>\n<p>\u00a0<\/p>\n","protected":false},"excerpt":{"rendered":"<p><span style=\"font-family: arial,helvetica,sans-serif; font-size: small;\">17.12.2014 &#8212; Das Oberwalliser Vokalensemble, unter der Leitung von Hansruedi K\u00e4mpfen, ist als einziges Schweizer Ensemble eingeladen worden, am 14. Internationalen Kammerchor-Wettbewerb in Marktoberdorf 2015 teilzunehmen.<\/span><\/p>\n","protected":false},"author":1,"featured_media":0,"comment_status":"open","ping_status":"open","sticky":false,"template":"","format":"standard","meta":{"footnotes":""},"categories":[2],"tags":[],"class_list":["post-1978","post","type-post","status-publish","format-standard","hentry","category-nachrichten","entry"],"_links":{"self":[{"href":"https:\/\/codexflores.ch\/index.php\/wp-json\/wp\/v2\/posts\/1978","targetHints":{"allow":["GET"]}}],"collection":[{"href":"https:\/\/codexflores.ch\/index.php\/wp-json\/wp\/v2\/posts"}],"about":[{"href":"https:\/\/codexflores.ch\/index.php\/wp-json\/wp\/v2\/types\/post"}],"author":[{"embeddable":true,"href":"https:\/\/codexflores.ch\/index.php\/wp-json\/wp\/v2\/users\/1"}],"replies":[{"embeddable":true,"href":"https:\/\/codexflores.ch\/index.php\/wp-json\/wp\/v2\/comments?post=1978"}],"version-history":[{"count":0,"href":"https:\/\/codexflores.ch\/index.php\/wp-json\/wp\/v2\/posts\/1978\/revisions"}],"wp:attachment":[{"href":"https:\/\/codexflores.ch\/index.php\/wp-json\/wp\/v2\/media?parent=1978"}],"wp:term":[{"taxonomy":"category","embeddable":true,"href":"https:\/\/codexflores.ch\/index.php\/wp-json\/wp\/v2\/categories?post=1978"},{"taxonomy":"post_tag","embeddable":true,"href":"https:\/\/codexflores.ch\/index.php\/wp-json\/wp\/v2\/tags?post=1978"}],"curies":[{"name":"wp","href":"https:\/\/api.w.org\/{rel}","templated":true}]}}