{"id":1984,"date":"2014-12-19T06:58:08","date_gmt":"2014-12-19T06:58:08","guid":{"rendered":"https:\/\/codexflores.ch\/index.php\/2014\/12\/19\/zweites-kirchenklangfest-cantars-startet-in-basel\/"},"modified":"2014-12-19T06:58:08","modified_gmt":"2014-12-19T06:58:08","slug":"zweites-kirchenklangfest-cantars-startet-in-basel","status":"publish","type":"post","link":"https:\/\/codexflores.ch\/index.php\/2014\/12\/19\/zweites-kirchenklangfest-cantars-startet-in-basel\/","title":{"rendered":"Zweites Kirchenklangfest Cantars startet in Basel"},"content":{"rendered":"<p>19.12.2014 &#8212; Rund 8000 Laien in Ch\u00f6ren, Orchestern, Ensembles, 2000 Profis sowie 2000 Kinder und Jugendliche beteiligen sich im kommenden Jahr am zum zweiten Mal durchgef\u00fchrten Schweizer \u00abKirchenklangfest\u00bb Cantars. Start ist am 14. M\u00e4rz 2015 mit einem Festival in Basel.<\/p>\n<p><strong>19.12.2014 &#8212; Rund 8000 Laien in Ch\u00f6ren, Orchestern, Ensembles, 2000 Profis sowie 2000 Kinder und Jugendliche beteiligen sich im kommenden Jahr am zum zweiten Mal durchgef\u00fchrten Schweizer \u00abKirchenklangfest\u00bb Cantars. Start ist am 14. M\u00e4rz 2015 mit einem Festival in Basel.<\/strong><\/p>\n<p>\u00a0<\/p>\n<p>Cantars 2015 vereint in 13 Kantonen sakrale Musik, Kulturaustausch, Kabarett, Lesungen, Begegnungen und vieles mehr. Auf dem Programm stehen insgesamt rund 440 Veranstaltungen an 36 Tagen in den Kantonen Aargau, Basel, Bern, Freiburg, Graub\u00fcnden, Luzern, Schaffhausen, Schwyz, Solothurn, St. Gallen, Thurgau, Wallis und Z\u00fcrich. Der Schlusspunkt findet am 7. Juni in St. Gallen statt.<\/p>\n<p>\u00a0<\/p>\n<p>In der gesamten Schweiz bereiten sich Laien und Profis, Vokalensembles, Kirchench\u00f6re, Konzertch\u00f6re, Instrumentalensembles, Kinderch\u00f6re, Autoren, Gospelch\u00f6re, Slam-Poeten, S\u00e4ngerinnen und S\u00e4nger, Musikerinnen und Musiker, Kunst- und Kulturschaffende auf ihren Auftritt vor. Hinter ihnen stehen gegen 50 kirchenmusikalische und kirchliche Verb\u00e4nde, Organisationen und Institutionen. Sie sind lokal an den 36 Veranstaltungsorten f\u00fcr das Programm und die Durchf\u00fchrung verantwortlich.<\/p>\n<p>\u00a0<\/p>\n<p>Erwartet werden gegen 100\u2018000 Besucherinnen und Besucher. Gesamt-Veranstalter dieses kirchenkulturellen Grossevents ist der Schweizerische Katholische Kirchenmusikverband SKMV in enger Zusammenarbeit mit dem Schweizerischen Kirchengesangsbund SKGB. \u00dcber den 36 lokalen Organisationskomitees steht ein gesamtschweizerisches Organisationskomitee.\u00a0 <em>(cf)<\/em><\/p>\n<p><strong>Mehr Infos:<\/strong>\u00a0 <a href=\"http:\/\/www.cantars.org\" target=\"_blank\" rel=\"noopener noreferrer\">www.cantars.org<\/a><\/p>\n","protected":false},"excerpt":{"rendered":"<p>19.12.2014 &#8212; Rund 8000 Laien in Ch\u00f6ren, Orchestern, Ensembles, 2000 Profis sowie 2000 Kinder und Jugendliche beteiligen sich im kommenden Jahr am zum zweiten Mal durchgef\u00fchrten Schweizer \u00abKirchenklangfest\u00bb Cantars. Start ist am 14. M\u00e4rz 2015 mit einem Festival in Basel.<\/p>\n","protected":false},"author":1,"featured_media":0,"comment_status":"open","ping_status":"open","sticky":false,"template":"","format":"standard","meta":{"footnotes":""},"categories":[2],"tags":[],"class_list":["post-1984","post","type-post","status-publish","format-standard","hentry","category-nachrichten","entry"],"_links":{"self":[{"href":"https:\/\/codexflores.ch\/index.php\/wp-json\/wp\/v2\/posts\/1984","targetHints":{"allow":["GET"]}}],"collection":[{"href":"https:\/\/codexflores.ch\/index.php\/wp-json\/wp\/v2\/posts"}],"about":[{"href":"https:\/\/codexflores.ch\/index.php\/wp-json\/wp\/v2\/types\/post"}],"author":[{"embeddable":true,"href":"https:\/\/codexflores.ch\/index.php\/wp-json\/wp\/v2\/users\/1"}],"replies":[{"embeddable":true,"href":"https:\/\/codexflores.ch\/index.php\/wp-json\/wp\/v2\/comments?post=1984"}],"version-history":[{"count":0,"href":"https:\/\/codexflores.ch\/index.php\/wp-json\/wp\/v2\/posts\/1984\/revisions"}],"wp:attachment":[{"href":"https:\/\/codexflores.ch\/index.php\/wp-json\/wp\/v2\/media?parent=1984"}],"wp:term":[{"taxonomy":"category","embeddable":true,"href":"https:\/\/codexflores.ch\/index.php\/wp-json\/wp\/v2\/categories?post=1984"},{"taxonomy":"post_tag","embeddable":true,"href":"https:\/\/codexflores.ch\/index.php\/wp-json\/wp\/v2\/tags?post=1984"}],"curies":[{"name":"wp","href":"https:\/\/api.w.org\/{rel}","templated":true}]}}