{"id":1994,"date":"2014-12-24T11:23:11","date_gmt":"2014-12-24T11:23:11","guid":{"rendered":"https:\/\/codexflores.ch\/index.php\/2014\/12\/24\/anette-maiburgs-classica-brasiliana\/"},"modified":"2014-12-24T11:23:11","modified_gmt":"2014-12-24T11:23:11","slug":"anette-maiburgs-classica-brasiliana","status":"publish","type":"post","link":"https:\/\/codexflores.ch\/index.php\/2014\/12\/24\/anette-maiburgs-classica-brasiliana\/","title":{"rendered":"Annette Maiburgs Classica Brasiliana"},"content":{"rendered":"<p><img loading=\"lazy\" decoding=\"async\" src=\"images\/bilder2014\/1874rcs.jpg\" border=\"0\" alt=\"Cover CD\" width=\"100\" height=\"100\" style=\"float: left; margin: 8px;\" \/>19.12.2014 &#8212; Die deutsche Fl\u00f6tistin Annette Maiburg realisiert eine originelle Reihe an CD-Projekten, die jeweils einem Land gewidmet sind, bislang mit deutlichem Akzent auf die lateinischen Kulturen. Nach \u00abClassica Cubana\u00bb und \u00abClassica Espa\u00f1ola\u00bb, sowie Polycarbonat-Scheiben, die den L\u00e4ndern \u00a0Venezuela, Argentinien und Frankreich gewidmet waren, pr\u00e4sentiert sie einen Streifzug durch die \u00fcberreiche Musikkultur Brasiliens. Dass sie solche Ausfl\u00fcge jeweils mit viel Sorgfalt unternimmt, darauf weist ein Echo Klassik hin, den sie f\u00fcr die \u00abClassica Cubana\u00bb 2009 in der Kategorie Klassik ohne Grenzen zugesprochen erhalten hat. Ihr Brasilien-Horizont ist nicht minder grenzenlos: \u00abKlassiker\u00bb, im Sinn von Klassikern sind dabei eigentlich bloss Darius Milhaud und Heitor Villa-Lobos, respektive dessen erstes Pr\u00e4ludium f\u00fcr Gitarre, eine Ikone der Musik f\u00fcr die Konzertgitarre (fast lieber h\u00e4tte man in der beschwingten Umgebung dieser CD sein \u00abChoro Nr. 1\u00bb geh\u00f6rt, das man in Nazareths \u00abOdeon\u00bb angespielt glaubt).<\/p>\n<p><img loading=\"lazy\" decoding=\"async\" src=\"images\/bilder2014\/1874rcs.jpg\" border=\"0\" alt=\"Cover CD\" width=\"100\" height=\"100\" style=\"float: left; margin: 8px;\" \/>19.12.2014 &#8212; Die deutsche Fl\u00f6tistin Annette Maiburg realisiert eine originelle Reihe an CD-Projekten, die jeweils einem Land gewidmet sind, bislang mit deutlichem Akzent auf die lateinischen Kulturen. Nach \u00abClassica Cubana\u00bb und \u00abClassica Espa\u00f1ola\u00bb, sowie Polycarbonat-Scheiben, die den L\u00e4ndern \u00a0Venezuela, Argentinien und Frankreich gewidmet waren, pr\u00e4sentiert sie einen Streifzug durch die \u00fcberreiche Musikkultur Brasiliens. Dass sie solche Ausfl\u00fcge jeweils mit viel Sorgfalt unternimmt, darauf weist ein Echo Klassik hin, den sie f\u00fcr die \u00abClassica Cubana\u00bb 2009 in der Kategorie Klassik ohne Grenzen zugesprochen erhalten hat. Ihr Brasilien-Horizont ist nicht minder grenzenlos: \u00abKlassiker\u00bb, im Sinn von Klassikern sind dabei eigentlich bloss Darius Milhaud und Heitor Villa-Lobos, respektive dessen erstes Pr\u00e4ludium f\u00fcr Gitarre, eine Ikone der Musik f\u00fcr die Konzertgitarre (fast lieber h\u00e4tte man in der beschwingten Umgebung dieser CD sein \u00abChoro Nr. 1\u00bb geh\u00f6rt, das man in Nazareths \u00abOdeon\u00bb angespielt glaubt).\u00a0\u00a0<\/p>\n<p>\u00a0<\/p>\n<p>Daneben findet sich da in kammermusikalischer Besetzung etwas aus der goldenen Epoche der brasilianischen Salonmusik (allerdings ohne das in der popul\u00e4ren Musik Brasiliens ansonsten omnipr\u00e4sente Cello), von Ernesto Nazareth (neben \u00abOdeon\u00bb auch \u00abMatuto\u00bb), aber eben auch viele Klassiker der Popul\u00e4rmusik, von Pixinguinha, Paulinho da Viola, Luiz Bonf\u00e1 (\u00abManha de Carnaval\u00bb, von der Deutschen Filippa Gojo, etwas n\u00e4selnd, aber durchaus sensibel dargeboten) und dem Nadja-Boulanger-Sch\u00fcler und Multiinstrumentalisten Egberto Gismonti (\u00abFrevo\u00bb und \u00abSete Aneis\u00bb). Vom Sanfonista Sivuca hat es \u00abFeira de Mangaio\u00bb in die Auswahl geschafft, an das sich in Brasilien S\u00e4ngerinnen bloss mit den gr\u00f6ssten Skrupeln heranwagen, nachdem das Lied von Komponisten selber mit der unvergleichlichen Clara Nunes exemplarisch interpretiert worden ist (hier singt wiederum Filippa Gojo, der man in dieser Hinsicht zumindest Unbefangenheit zugute halten kann). \u00a0<\/p>\n<p>\u00a0<\/p>\n<p>Eine Originalkomposition steuert eine Komponistin namens Morgana Moreno bei, ein hochvirtuoser B\u00e3iao, den Anette Maiburg, begleitet bloss von einem Pandeiro, \u00a0souver\u00e4n aus der Taufe hebt. Die Musik Brasiliens ist nicht nur ein F\u00fclllhorn an Rhythmen, sondern ebenso ein nicht minder unersch\u00f6pflicher Schatz einfallsreicher Melodik.<\/p>\n<p>\u00a0<\/p>\n<p>Das Ensemble, das die Fl\u00f6tistin zusammengerufen hat, ist durchwegs hochkar\u00e4tig. Der Spanier Rafael Aguirre und der Brasilianer Marcelo Ros\u00e0rio an den Gitarren \u2012 letzterer hat die Choro-Musik sozusagen mit der Muttermilch aufgesogen; er spielt auch die typische brasilianische Gitarre mit sieben Saiten. Gabriel Ros\u00e1rio ist ein Mandolinenspieler aus der Schule des singul\u00e4ren Hamilton de Holanda und ebenfalls tief in der Choro-Tradition verwurzelt. Der Pole Wlodzimierz Gula ist ein mit allen Wassern gewaschener Kontrabassist und der Perkussionist Roland Peil ein nicht minder vielseitiger Perkussionist. <em>(wb)<\/em><\/p>\n<p><strong>Info:<br \/><\/strong>Classica Brasiliana, Anette Maiburg (Fl\u00f6te) und Ensemble. Musikproduktion Dabringhaus und Grimm, MDG 910 1874-6 \u00a0\u00a0\u00a0<\/p>\n","protected":false},"excerpt":{"rendered":"<p><img loading=\"lazy\" decoding=\"async\" src=\"images\/bilder2014\/1874rcs.jpg\" border=\"0\" alt=\"Cover CD\" width=\"100\" height=\"100\" style=\"float: left; margin: 8px;\" \/>19.12.2014 &#8212; Die deutsche Fl\u00f6tistin Annette Maiburg realisiert eine originelle Reihe an CD-Projekten, die jeweils einem Land gewidmet sind, bislang mit deutlichem Akzent auf die lateinischen Kulturen. Nach \u00abClassica Cubana\u00bb und \u00abClassica Espa\u00f1ola\u00bb, sowie Polycarbonat-Scheiben, die den L\u00e4ndern \u00a0Venezuela, Argentinien und Frankreich gewidmet waren, pr\u00e4sentiert sie einen Streifzug durch die \u00fcberreiche Musikkultur Brasiliens. Dass sie solche Ausfl\u00fcge jeweils mit viel Sorgfalt unternimmt, darauf weist ein Echo Klassik hin, den sie f\u00fcr die \u00abClassica Cubana\u00bb 2009 in der Kategorie Klassik ohne Grenzen zugesprochen erhalten hat. Ihr Brasilien-Horizont ist nicht minder grenzenlos: \u00abKlassiker\u00bb, im Sinn von Klassikern sind dabei eigentlich bloss Darius Milhaud und Heitor Villa-Lobos, respektive dessen erstes Pr\u00e4ludium f\u00fcr Gitarre, eine Ikone der Musik f\u00fcr die Konzertgitarre (fast lieber h\u00e4tte man in der beschwingten Umgebung dieser CD sein \u00abChoro Nr. 1\u00bb geh\u00f6rt, das man in Nazareths \u00abOdeon\u00bb angespielt glaubt).<\/p>\n","protected":false},"author":1,"featured_media":0,"comment_status":"open","ping_status":"open","sticky":false,"template":"","format":"standard","meta":{"footnotes":""},"categories":[4],"tags":[],"class_list":["post-1994","post","type-post","status-publish","format-standard","hentry","category-im-gespraech","entry"],"_links":{"self":[{"href":"https:\/\/codexflores.ch\/index.php\/wp-json\/wp\/v2\/posts\/1994","targetHints":{"allow":["GET"]}}],"collection":[{"href":"https:\/\/codexflores.ch\/index.php\/wp-json\/wp\/v2\/posts"}],"about":[{"href":"https:\/\/codexflores.ch\/index.php\/wp-json\/wp\/v2\/types\/post"}],"author":[{"embeddable":true,"href":"https:\/\/codexflores.ch\/index.php\/wp-json\/wp\/v2\/users\/1"}],"replies":[{"embeddable":true,"href":"https:\/\/codexflores.ch\/index.php\/wp-json\/wp\/v2\/comments?post=1994"}],"version-history":[{"count":0,"href":"https:\/\/codexflores.ch\/index.php\/wp-json\/wp\/v2\/posts\/1994\/revisions"}],"wp:attachment":[{"href":"https:\/\/codexflores.ch\/index.php\/wp-json\/wp\/v2\/media?parent=1994"}],"wp:term":[{"taxonomy":"category","embeddable":true,"href":"https:\/\/codexflores.ch\/index.php\/wp-json\/wp\/v2\/categories?post=1994"},{"taxonomy":"post_tag","embeddable":true,"href":"https:\/\/codexflores.ch\/index.php\/wp-json\/wp\/v2\/tags?post=1994"}],"curies":[{"name":"wp","href":"https:\/\/api.w.org\/{rel}","templated":true}]}}