{"id":1996,"date":"2014-12-29T07:28:45","date_gmt":"2014-12-29T07:28:45","guid":{"rendered":"https:\/\/codexflores.ch\/index.php\/2014\/12\/29\/keine-konzession-fuer-salle-pleyel\/"},"modified":"2014-12-29T07:28:45","modified_gmt":"2014-12-29T07:28:45","slug":"keine-konzession-fuer-salle-pleyel","status":"publish","type":"post","link":"https:\/\/codexflores.ch\/index.php\/2014\/12\/29\/keine-konzession-fuer-salle-pleyel\/","title":{"rendered":"Keine Konzession f\u00fcr Salle Pleyel"},"content":{"rendered":"<p><span style=\"font-family: arial,helvetica,sans-serif; font-size: small;\">29.12.2014 &#8212; Ein Gericht hat untersagt, dass die Salle Pleyel, der Konzertsaal, der von der Pariser Philharmonie als prim\u00e4rer Spielort f\u00fcr klassische Musik abegl\u00f6st werden soll, weitervermietet werden darf.<\/span><\/p>\n<p>\u00a0<\/p>\n<p><span style=\"font-family: arial,helvetica,sans-serif; font-size: small;\"><strong>29.12.2014 &#8212; Ein Gericht hat untersagt, dass die Salle Pleyel, der Konzertsaal, der von der Pariser Philharmonie als prim\u00e4rer Spielort f\u00fcr klassische Musik abegl\u00f6st werden soll, weitervermietet werden darf.<\/strong><\/span><\/p>\n<p>\u00a0<\/p>\n<p><span style=\"font-family: arial,helvetica,sans-serif; font-size: small;\">Die Cit\u00e9 de la Musique, von der die neue Pariser Philharmonie, die im Januar offiziell er\u00f6ffnet wird, ein Teil ist, wollte mit der Vermietung der Salle Pleyel an Organisatoren nichtklassischer Konzerte die Verlagerung des Klassikbetriebs in ihre R\u00e4umlichkeiten vorantreiben. Dagegen wehrten sich vor allem die Anwohner der Salle Pleyel, die auf die Klassikkonerte in ihrer N\u00e4he nicht vezichten wollen.<\/span><\/p>\n<p>\u00a0<\/p>\n<p><span style=\"font-family: arial,helvetica,sans-serif; font-size: small;\">Der \u00fcberraschende Entscheid des Gerichts ist ein R\u00fcckschlag f\u00fcr die Strategie der Cit\u00e9 de la Musique und damit des franz\u00f6sischen Staates, den Pariser Konzertbetrieb strategisch zu steuern. <em>(cf)<\/em><\/span><\/p>\n<p>\u00a0<\/p>\n","protected":false},"excerpt":{"rendered":"<p><span style=\"font-family: arial,helvetica,sans-serif; font-size: small;\">29.12.2014 &#8212; Ein Gericht hat untersagt, dass die Salle Pleyel, der Konzertsaal, der von der Pariser Philharmonie als prim\u00e4rer Spielort f\u00fcr klassische Musik abegl\u00f6st werden soll, weitervermietet werden darf.<\/span><\/p>\n","protected":false},"author":1,"featured_media":0,"comment_status":"open","ping_status":"open","sticky":false,"template":"","format":"standard","meta":{"footnotes":""},"categories":[2],"tags":[],"class_list":["post-1996","post","type-post","status-publish","format-standard","hentry","category-nachrichten","entry"],"_links":{"self":[{"href":"https:\/\/codexflores.ch\/index.php\/wp-json\/wp\/v2\/posts\/1996","targetHints":{"allow":["GET"]}}],"collection":[{"href":"https:\/\/codexflores.ch\/index.php\/wp-json\/wp\/v2\/posts"}],"about":[{"href":"https:\/\/codexflores.ch\/index.php\/wp-json\/wp\/v2\/types\/post"}],"author":[{"embeddable":true,"href":"https:\/\/codexflores.ch\/index.php\/wp-json\/wp\/v2\/users\/1"}],"replies":[{"embeddable":true,"href":"https:\/\/codexflores.ch\/index.php\/wp-json\/wp\/v2\/comments?post=1996"}],"version-history":[{"count":0,"href":"https:\/\/codexflores.ch\/index.php\/wp-json\/wp\/v2\/posts\/1996\/revisions"}],"wp:attachment":[{"href":"https:\/\/codexflores.ch\/index.php\/wp-json\/wp\/v2\/media?parent=1996"}],"wp:term":[{"taxonomy":"category","embeddable":true,"href":"https:\/\/codexflores.ch\/index.php\/wp-json\/wp\/v2\/categories?post=1996"},{"taxonomy":"post_tag","embeddable":true,"href":"https:\/\/codexflores.ch\/index.php\/wp-json\/wp\/v2\/tags?post=1996"}],"curies":[{"name":"wp","href":"https:\/\/api.w.org\/{rel}","templated":true}]}}