{"id":2003,"date":"2015-01-05T07:29:46","date_gmt":"2015-01-05T07:29:46","guid":{"rendered":"https:\/\/codexflores.ch\/index.php\/2015\/01\/05\/minkowski-sagt-in-grenoble-konzerte-ab\/"},"modified":"2015-01-05T07:29:46","modified_gmt":"2015-01-05T07:29:46","slug":"minkowski-sagt-in-grenoble-konzerte-ab","status":"publish","type":"post","link":"https:\/\/codexflores.ch\/index.php\/2015\/01\/05\/minkowski-sagt-in-grenoble-konzerte-ab\/","title":{"rendered":"Minkowski sagt in Grenoble Konzerte ab"},"content":{"rendered":"<p><span style=\"font-family: arial,helvetica,sans-serif; font-size: small;\">05.01.2015 &#8212; Nach dem Entzug der finanziellen Unterst\u00fctzung durch die Stadt haben Mark Minkoswkis Musiciens du Louvre in Grenoble Konzerte abgesagt.<\/span><\/p>\n<p>\u00a0<\/p>\n<p><span style=\"font-family: arial,helvetica,sans-serif; font-size: small;\"><strong>05.01.2015 &#8212; Nach dem Entzug der finanziellen Unters\u00fctzung durch die Stadt haben Mark Minkoswkis Musiciens du Louvre in Grenoble Konzerte abgesagt.<\/strong><\/span><\/p>\n<p>\u00a0<\/p>\n<p><span style=\"font-family: arial,helvetica,sans-serif; font-size: small;\">Die Absagen betreffen nur Konzerte in Grenoble, darunter auch drei Anl\u00e4sse mit freiem Eintritt f\u00fcr junge Zuh\u00f6rer. Sie sind eine Reaktion auf den Entzug von \u00f6ffentlichen Geldern im Umfang von\u00a0438&#8217;000 Euro. <em>(cf)<\/em><\/span><\/p>\n<p>\u00a0<\/p>\n","protected":false},"excerpt":{"rendered":"<p><span style=\"font-family: arial,helvetica,sans-serif; font-size: small;\">05.01.2015 &#8212; Nach dem Entzug der finanziellen Unterst\u00fctzung durch die Stadt haben Mark Minkoswkis Musiciens du Louvre in Grenoble Konzerte abgesagt.<\/span><\/p>\n","protected":false},"author":1,"featured_media":0,"comment_status":"open","ping_status":"open","sticky":false,"template":"","format":"standard","meta":{"footnotes":""},"categories":[2],"tags":[],"class_list":["post-2003","post","type-post","status-publish","format-standard","hentry","category-nachrichten","entry"],"_links":{"self":[{"href":"https:\/\/codexflores.ch\/index.php\/wp-json\/wp\/v2\/posts\/2003","targetHints":{"allow":["GET"]}}],"collection":[{"href":"https:\/\/codexflores.ch\/index.php\/wp-json\/wp\/v2\/posts"}],"about":[{"href":"https:\/\/codexflores.ch\/index.php\/wp-json\/wp\/v2\/types\/post"}],"author":[{"embeddable":true,"href":"https:\/\/codexflores.ch\/index.php\/wp-json\/wp\/v2\/users\/1"}],"replies":[{"embeddable":true,"href":"https:\/\/codexflores.ch\/index.php\/wp-json\/wp\/v2\/comments?post=2003"}],"version-history":[{"count":0,"href":"https:\/\/codexflores.ch\/index.php\/wp-json\/wp\/v2\/posts\/2003\/revisions"}],"wp:attachment":[{"href":"https:\/\/codexflores.ch\/index.php\/wp-json\/wp\/v2\/media?parent=2003"}],"wp:term":[{"taxonomy":"category","embeddable":true,"href":"https:\/\/codexflores.ch\/index.php\/wp-json\/wp\/v2\/categories?post=2003"},{"taxonomy":"post_tag","embeddable":true,"href":"https:\/\/codexflores.ch\/index.php\/wp-json\/wp\/v2\/tags?post=2003"}],"curies":[{"name":"wp","href":"https:\/\/api.w.org\/{rel}","templated":true}]}}