{"id":2004,"date":"2015-01-05T10:11:56","date_gmt":"2015-01-05T10:11:56","guid":{"rendered":"https:\/\/codexflores.ch\/index.php\/2015\/01\/05\/das-orchester-heft-12-dezember-2014\/"},"modified":"2015-01-05T10:11:56","modified_gmt":"2015-01-05T10:11:56","slug":"das-orchester-heft-12-dezember-2014","status":"publish","type":"post","link":"https:\/\/codexflores.ch\/index.php\/2015\/01\/05\/das-orchester-heft-12-dezember-2014\/","title":{"rendered":"das Orchester Heft 12 (Dezember 2014)"},"content":{"rendered":"<p><img decoding=\"async\" src=\"images\/zeitschriften_covers\/orch1214.jpg\" border=\"0\" alt=\"Cover Zeitschrift\" style=\"float: left; margin: 4px;\" \/>Magazin f\u00fcr Musiker und Management<\/p>\n<p> Herausgegeben von Schott Music, Mainz<\/p>\n<p> <strong>Thema: Inklusion <\/strong><\/p>\n<p> Andrea Kerner: <br \/> Inklusion. Ein Thema auch f\u00fcr Orchester <\/p>\n<p> Andrea Kerner: <br \/> Mehr als barrierefrei. Inklusion vor der B\u00fchne <\/p>\n<p> Antje R\u00f6\u00dfler: <br \/> F\u00fcr den Augenblick. Projekte f\u00fcr Demenzkranke <\/p>\n<p> Antje R\u00f6\u00dfler: <br \/> Mitmachen erw\u00fcnscht. Das Mahler Chamber Orchestra musiziert mit h\u00f6rgesch\u00e4digten Kindern <\/p>\n<p> Andrea Kerner: <br \/> Offen nach au\u00dfen, geschlossen nach innen? Inklusion hinter der B\u00fchne <\/p>\n<p> Sonja Erhardt: <br \/> Ausgrenzung im Hochleistungsbereich? Wie geht man im Sport, im Pop-Bereich, in anderen L\u00e4ndern mit Inklusion um? <\/p>\n<p> <strong>Musikermedizin <\/strong> <\/p>\n<p> Maria Schuppert: <br \/> (Ein-)Blick ins Innere. Zur Bedeutung internistischer Fragestellungen beim Musizieren <\/p>\n<p> <strong>Psychologie <\/strong> <\/p>\n<p> Andreas Lau \/ Oliver Stoll: <br \/> Performance in der Musik und im Sport. Wie \u00e4hnlich sind sich Berufsmusiker und Leistungssportler? <\/p>\n<p> <strong>Musikbetrieb <\/strong> <\/p>\n<p> Reto Parolari: <br \/> Die vergessene Musik. Begleitmusik zu Stummfilmen <\/p>\n<p> <strong>Im Weiteren<\/strong> <\/p>\n<p> Meldungen<br \/> Zwischent\u00f6ne<br \/> netzwerk junge ohren<br \/> on tour<br \/> Berichte<br \/> Rezensionen<\/p>\n","protected":false},"excerpt":{"rendered":"<p>Magazin f\u00fcr Musiker und Management Herausgegeben von Schott Music, Mainz Thema: Inklusion Andrea Kerner: Inklusion. Ein Thema auch f\u00fcr Orchester&#8230;<\/p>\n","protected":false},"author":1,"featured_media":0,"comment_status":"open","ping_status":"open","sticky":false,"template":"","format":"standard","meta":{"footnotes":""},"categories":[10],"tags":[],"class_list":["post-2004","post","type-post","status-publish","format-standard","hentry","category-fachzeitschriften","entry"],"_links":{"self":[{"href":"https:\/\/codexflores.ch\/index.php\/wp-json\/wp\/v2\/posts\/2004","targetHints":{"allow":["GET"]}}],"collection":[{"href":"https:\/\/codexflores.ch\/index.php\/wp-json\/wp\/v2\/posts"}],"about":[{"href":"https:\/\/codexflores.ch\/index.php\/wp-json\/wp\/v2\/types\/post"}],"author":[{"embeddable":true,"href":"https:\/\/codexflores.ch\/index.php\/wp-json\/wp\/v2\/users\/1"}],"replies":[{"embeddable":true,"href":"https:\/\/codexflores.ch\/index.php\/wp-json\/wp\/v2\/comments?post=2004"}],"version-history":[{"count":0,"href":"https:\/\/codexflores.ch\/index.php\/wp-json\/wp\/v2\/posts\/2004\/revisions"}],"wp:attachment":[{"href":"https:\/\/codexflores.ch\/index.php\/wp-json\/wp\/v2\/media?parent=2004"}],"wp:term":[{"taxonomy":"category","embeddable":true,"href":"https:\/\/codexflores.ch\/index.php\/wp-json\/wp\/v2\/categories?post=2004"},{"taxonomy":"post_tag","embeddable":true,"href":"https:\/\/codexflores.ch\/index.php\/wp-json\/wp\/v2\/tags?post=2004"}],"curies":[{"name":"wp","href":"https:\/\/api.w.org\/{rel}","templated":true}]}}