{"id":2013,"date":"2015-01-08T07:17:18","date_gmt":"2015-01-08T07:17:18","guid":{"rendered":"https:\/\/codexflores.ch\/index.php\/2015\/01\/08\/neue-erkenntnisse-zum-absoluten-gehoer\/"},"modified":"2015-01-08T07:17:18","modified_gmt":"2015-01-08T07:17:18","slug":"neue-erkenntnisse-zum-absoluten-gehoer","status":"publish","type":"post","link":"https:\/\/codexflores.ch\/index.php\/2015\/01\/08\/neue-erkenntnisse-zum-absoluten-gehoer\/","title":{"rendered":"Neue Erkenntnisse zum Absoluten Geh\u00f6r"},"content":{"rendered":"<p><span style=\"font-family: arial,helvetica,sans-serif; font-size: small;\">08.01.2015 &#8212; Neuropsychologen der Universit\u00e4t Z\u00fcrich (UZH) haben bei Absoluth\u00f6rern eine enge funktionelle Kopplung zwischen dem H\u00f6rkortex im Gehirn und dem Stirnhirn festgestellt. Ein Befund, der nicht nur theoretisch, sondern auch praktisch von Bedeutung ist.<\/span><\/p>\n<p><span style=\"font-family: arial,helvetica,sans-serif; font-size: small;\"><strong>08.01.2015 &#8212; Neuropsychologen der Universit\u00e4t Z\u00fcrich (UZH) haben bei Absoluth\u00f6rern eine enge funktionelle Kopplung zwischen dem H\u00f6rkortex im Gehirn und dem Stirnhirn festgestellt. Ein Befund, der nicht nur theoretisch, sondern auch praktisch von Bedeutung ist.<\/strong><\/span><\/p>\n<p>\u00a0<\/p>\n<p><span style=\"font-family: arial,helvetica,sans-serif; font-size: small;\">In einer aktuellen Studie des Musik-Lab am Lehrstuhl f\u00fcr Neuropsychologie der UZH unter der Leitung von Lutz J\u00e4ncke sind mit absolut h\u00f6renden Musikern Befunde erzielt worden, die gem\u00e4ss Erstautor Stefan Elmer eine neue Sicht auf die zugrunde liegenden psychologischen und neurophysiologischen Prozesse er\u00f6ffnen. Sie vereint zwei entgegengesetzte Erkl\u00e4rungsans\u00e4tze f\u00fcr das Ph\u00e4nomen.<\/span><\/p>\n<p>\u00a0<\/p>\n<p><span style=\"font-family: arial,helvetica,sans-serif; font-size: small;\">Eine Erkl\u00e4rungslinie geht davon aus, dass Absoluth\u00f6rer die T\u00f6ne bereits auf einer sehr fr\u00fchen Stufe der Tonverarbeitung kategorisieren, T\u00f6ne gleich wie Sprachlaute verarbeiten und diese bestimmten Kategorien zuordnen. Diese These geht damit davon aus, dass die T\u00f6ne bei Absoluth\u00f6rern bereits im prim\u00e4ren und sekund\u00e4ren H\u00f6rkortex verarbeitet werden. Eine andere Theorie postuliert, dass Absoluth\u00f6rer die unbewusste Zuordnung von T\u00f6nen zu Ged\u00e4chtnisinformationen besonders gut beherrschen; diese Zuordnungen werden vor allem im oberen Stirnhirn, im dorsalen Frontalkortex, vorgenommen.<\/span><\/p>\n<p>\u00a0<\/p>\n<p><span style=\"font-family: arial,helvetica,sans-serif; font-size: small;\">In seiner Studie kann Stefan Elmer nun zeigen, dass der linksseitige H\u00f6rkortex und der linksseitige dorsale Frontalkortex funktionell bereits im Ruhezustand stark gekoppelt sind. Bei Absoluth\u00f6rern sind die neurophysiologischen Aktivit\u00e4ten im Frontal- und H\u00f6rkortex synchronisiert, was auf eine enge funktionale Kopplung schliessen l\u00e4sst. Diese Koppelung beg\u00fcnstigt laut Elmer einen besonders effizienten Informationsaustausch zwischen dem H\u00f6rkortex und dem dorsalen Frontalkortex bei Absoluth\u00f6rern.<\/span><\/p>\n<p>\u00a0<\/p>\n<p><span style=\"font-family: arial,helvetica,sans-serif; font-size: small;\"><strong>Originalartikel:<\/strong><\/span><br \/><span style=\"font-family: arial,helvetica,sans-serif; font-size: small;\"> Stefan Elmer, Lars Rogenmoser, J\u00fcrg K\u00fchnis und Lutz J\u00e4ncke: \u00abBridging the gap between perceptual and cognitive perspectives on absolute pitch\u00bb. The Journal of Neuroscience, 6. Januar, 2015. doi: 10.1523\/JNEUROSCI.3009-14.2015<\/span><br \/><span style=\"font-family: arial,helvetica,sans-serif; font-size: small;\">\u00a0<\/span><\/p>\n<p>\u00a0<\/p>\n","protected":false},"excerpt":{"rendered":"<p><span style=\"font-family: arial,helvetica,sans-serif; font-size: small;\">08.01.2015 &#8212; Neuropsychologen der Universit\u00e4t Z\u00fcrich (UZH) haben bei Absoluth\u00f6rern eine enge funktionelle Kopplung zwischen dem H\u00f6rkortex im Gehirn und dem Stirnhirn festgestellt. Ein Befund, der nicht nur theoretisch, sondern auch praktisch von Bedeutung ist.<\/span><\/p>\n","protected":false},"author":1,"featured_media":0,"comment_status":"open","ping_status":"open","sticky":false,"template":"","format":"standard","meta":{"footnotes":""},"categories":[2],"tags":[],"class_list":["post-2013","post","type-post","status-publish","format-standard","hentry","category-nachrichten","entry"],"_links":{"self":[{"href":"https:\/\/codexflores.ch\/index.php\/wp-json\/wp\/v2\/posts\/2013","targetHints":{"allow":["GET"]}}],"collection":[{"href":"https:\/\/codexflores.ch\/index.php\/wp-json\/wp\/v2\/posts"}],"about":[{"href":"https:\/\/codexflores.ch\/index.php\/wp-json\/wp\/v2\/types\/post"}],"author":[{"embeddable":true,"href":"https:\/\/codexflores.ch\/index.php\/wp-json\/wp\/v2\/users\/1"}],"replies":[{"embeddable":true,"href":"https:\/\/codexflores.ch\/index.php\/wp-json\/wp\/v2\/comments?post=2013"}],"version-history":[{"count":0,"href":"https:\/\/codexflores.ch\/index.php\/wp-json\/wp\/v2\/posts\/2013\/revisions"}],"wp:attachment":[{"href":"https:\/\/codexflores.ch\/index.php\/wp-json\/wp\/v2\/media?parent=2013"}],"wp:term":[{"taxonomy":"category","embeddable":true,"href":"https:\/\/codexflores.ch\/index.php\/wp-json\/wp\/v2\/categories?post=2013"},{"taxonomy":"post_tag","embeddable":true,"href":"https:\/\/codexflores.ch\/index.php\/wp-json\/wp\/v2\/tags?post=2013"}],"curies":[{"name":"wp","href":"https:\/\/api.w.org\/{rel}","templated":true}]}}