{"id":2015,"date":"2015-01-09T07:03:48","date_gmt":"2015-01-09T07:03:48","guid":{"rendered":"https:\/\/codexflores.ch\/index.php\/2015\/01\/09\/thomas-larcher-mit-stoeger-prize-ausgezeichnet\/"},"modified":"2015-01-09T07:03:48","modified_gmt":"2015-01-09T07:03:48","slug":"thomas-larcher-mit-stoeger-prize-ausgezeichnet","status":"publish","type":"post","link":"https:\/\/codexflores.ch\/index.php\/2015\/01\/09\/thomas-larcher-mit-stoeger-prize-ausgezeichnet\/","title":{"rendered":"Thomas Larcher mit Stoeger Prize ausgezeichnet"},"content":{"rendered":"<p><span style=\"font-family: arial,helvetica,sans-serif; font-size: small;\">09.01.2015 &#8212; <span class=\"cs534E6463\">Der mit 25&#8217;000 Dollar dotierte Elise L. Stoeger Prize der Chamber Music Society des Lincoln Center New York geht 2014\/2015 an den \u00f6sterreichischen Komponisten Thomas Larcher.<\/span><\/span><\/p>\n<p><span style=\"font-family: arial,helvetica,sans-serif; font-size: small;\"><strong>09.01.2015 &#8212; <span class=\"cs534E6463\">Der mit 25&#8217;000 Dollar dotierte Elise L. Stoeger Prize der Chamber Music Society des Lincoln Center New York geht 2014\/2015 an den \u00f6sterreichischen Komponisten Thomas Larcher.<\/span><\/strong><\/span><\/p>\n<p><span style=\"font-family: arial,helvetica,sans-serif; font-size: small;\"><span class=\"cs534E6463\">\u00a0<\/span><\/span><\/p>\n<p><span style=\"font-family: arial,helvetica,sans-serif; font-size: small;\"><span class=\"cs534E6463\"><span class=\"cs534E6463\">Der 1963 geborene <span class=\"cs534E6463\">Thomas Larcher wuchs in Tirol auf und studierte in Wien Komposition und Klavier.<\/span> 1994 gr\u00fcndete er das Festival Klangspuren in Schwaz (Tirol), das er bis 2003 leitete. Seit 2004 ist er K\u00fcnstlerischer Leiter des Kammermusikfestivals Musik im Riesen, das jedes Jahr im Mai in Wattens (\u00d6sterreich) stattfindet.<\/span><\/span><\/span><\/p>\n<p><span style=\"font-family: arial,helvetica,sans-serif; font-size: small;\"><span class=\"cs534E6463\">\u00a0<\/span><\/span><\/p>\n<p class=\"csF0A1D376\"><span class=\"cs534E6463\"><span style=\"font-family: arial,helvetica,sans-serif; font-size: small;\">Der Stoeger Prize ist einer der h\u00f6chstdotierten Preise im Bereich der Kammermusik. Er wird alle zwei Jahre als W\u00fcrdigung bedeutender Leistungen im Bereich der Kammermusik-Komposition vergeben. <span class=\"cs534E6463\">Er wurde 1987 durch den Nachlass von Milan Stoeger, einem langj\u00e4hrigen Abonnenten der Chamber Music Society, im Andenken an seine Frau Elise ins Leben gerufen. Musiker, Komponisten, Lehrende, Manager und Veranstalter des Landes nominieren m\u00f6gliche Kandidaten f\u00fcr den Preis. Die endg\u00fcltige Wahl des Gewinners trifft eine wechselnde professionelle, anonyme Jury zusammen mit den K\u00fcnstlerischen Leitern der Chamber Music Society, David Finckel und Wu Han. <em>(cf)<\/em><\/span><\/span><br \/><\/span><\/p>\n<p class=\"cs95E872D0\"><span class=\"cs5EFED22F\">\u00a0<\/span><\/p>\n<p><span><span class=\"cs534E6463\">\u00a0<\/span><\/span><\/p>\n<p>\u00a0<\/p>\n","protected":false},"excerpt":{"rendered":"<p><span style=\"font-family: arial,helvetica,sans-serif; font-size: small;\">09.01.2015 &#8212; <span class=\"cs534E6463\">Der mit 25&#8217;000 Dollar dotierte Elise L. Stoeger Prize der Chamber Music Society des Lincoln Center New York geht 2014\/2015 an den \u00f6sterreichischen Komponisten Thomas Larcher.<\/span><\/span><\/p>\n","protected":false},"author":1,"featured_media":0,"comment_status":"open","ping_status":"open","sticky":false,"template":"","format":"standard","meta":{"footnotes":""},"categories":[2],"tags":[],"class_list":["post-2015","post","type-post","status-publish","format-standard","hentry","category-nachrichten","entry"],"_links":{"self":[{"href":"https:\/\/codexflores.ch\/index.php\/wp-json\/wp\/v2\/posts\/2015","targetHints":{"allow":["GET"]}}],"collection":[{"href":"https:\/\/codexflores.ch\/index.php\/wp-json\/wp\/v2\/posts"}],"about":[{"href":"https:\/\/codexflores.ch\/index.php\/wp-json\/wp\/v2\/types\/post"}],"author":[{"embeddable":true,"href":"https:\/\/codexflores.ch\/index.php\/wp-json\/wp\/v2\/users\/1"}],"replies":[{"embeddable":true,"href":"https:\/\/codexflores.ch\/index.php\/wp-json\/wp\/v2\/comments?post=2015"}],"version-history":[{"count":0,"href":"https:\/\/codexflores.ch\/index.php\/wp-json\/wp\/v2\/posts\/2015\/revisions"}],"wp:attachment":[{"href":"https:\/\/codexflores.ch\/index.php\/wp-json\/wp\/v2\/media?parent=2015"}],"wp:term":[{"taxonomy":"category","embeddable":true,"href":"https:\/\/codexflores.ch\/index.php\/wp-json\/wp\/v2\/categories?post=2015"},{"taxonomy":"post_tag","embeddable":true,"href":"https:\/\/codexflores.ch\/index.php\/wp-json\/wp\/v2\/tags?post=2015"}],"curies":[{"name":"wp","href":"https:\/\/api.w.org\/{rel}","templated":true}]}}