{"id":2017,"date":"2015-01-09T11:02:42","date_gmt":"2015-01-09T11:02:42","guid":{"rendered":"https:\/\/codexflores.ch\/index.php\/2015\/01\/09\/ich-bin-charlie-was-tue-ich\/"},"modified":"2015-01-09T11:02:42","modified_gmt":"2015-01-09T11:02:42","slug":"ich-bin-charlie-was-tue-ich","status":"publish","type":"post","link":"https:\/\/codexflores.ch\/index.php\/2015\/01\/09\/ich-bin-charlie-was-tue-ich\/","title":{"rendered":"Ich bin Charlie \u2012 was tue ich?"},"content":{"rendered":"<p style=\"text-align: center;\"><em>von Wolfgang B\u00f6hler<\/em><\/p>\n<p><img decoding=\"async\" src=\"images\/kolumnewb.jpg\" border=\"0\" alt=\"Portr\u00e4t Wolfgang B\u00f6hler\" style=\"float: left; margin: 8px;\" \/>09.01.2015 &#8212; Mit grosser Best\u00fcrzung habe auch ich den brutalen \u00dcberfall auf die Redaktion der franz\u00f6sischen Satirezeitschrift <em>Charlie Hebdo<\/em> und die sinnlose, barbarische Ermordung mutiger Journalisten, Polizisten, eines Raumpflegers und einer Psychoanalytikerin miterlebt. Die Tat trifft ins Mark und zwingt zu \u00dcberlegungen, was dies f\u00fcr uns Berufskollegen bedeutet. Es ist unbestritten: Man muss die Meinungs\u00e4usserungsfreiheit unbedingt verteidigen. Wie weit es m\u00f6glich ist, tabubrechende, verst\u00f6rende, ver\u00e4rgernde und repektlose Texte und Bilder zu ver\u00f6ffentlichen \u2012 das ist und bleibt der Gradmesser f\u00fcr das Mass der Freiheit und Offenheit einer Gesellschaft. Konsequenzen haben darf satirische Sch\u00e4rfe h\u00f6chstens in Form von Gerichtsf\u00e4llen. Da wird die staatspolitische Verantwortung der rechtlichen Beurteilung dem Rechtsstaat \u00fcbertragen. Die Attentate von Paris fordern deshalb zwei Grundpfeiler eines funktionierenden demokratischen Staatswesens heraus: die offene, tabufreie Debatte aller Aspekte des menschlichen Lebens und die \u00dcbertragung der Rechtssprechung und \u2011durchsetzung an den demokratisch kontrollierten Staat. Beides sollte selbstverst\u00e4ndlich sein.<\/p>\n<p>\u00a0<\/p>\n<p><img decoding=\"async\" src=\"images\/kolumnewb.jpg\" border=\"0\" alt=\"Portr\u00e4t Wolfgang B\u00f6hler\" style=\"float: left; margin: 8px;\" \/>09.01.2015 &#8212; Mit grosser Best\u00fcrzung habe auch ich den brutalen \u00dcberfall auf die Redaktion der franz\u00f6sischen Satirezeitschrift <em>Charlie Hebdo<\/em> und die sinnlose, barbarische Ermordung mutiger Journalisten, Polizisten, eines Raumpflegers und einer Psychoanalytikerin miterlebt. Die Tat trifft ins Mark und zwingt zu \u00dcberlegungen, was dies f\u00fcr uns Berufskollegen bedeutet. Es ist unbestritten: Man muss die Meinungs\u00e4usserungsfreiheit unbedingt verteidigen. Wie weit es m\u00f6glich ist, tabubrechende, verst\u00f6rende, ver\u00e4rgernde und repektlose Texte und Bilder zu ver\u00f6ffentlichen \u2012 das ist und bleibt der Gradmesser f\u00fcr das Mass der Freiheit und Offenheit einer Gesellschaft. Konsequenzen haben darf satirische Sch\u00e4rfe h\u00f6chstens in Form von Gerichtsf\u00e4llen. Da wird die staatspolitische Verantwortung der rechtlichen Beurteilung dem Rechtsstaat \u00fcbertragen. Die Attentate von Paris fordern deshalb zwei Grundpfeiler eines funktionierenden demokratischen Staatswesens heraus: die offene, tabufreie Debatte aller Aspekte des menschlichen Lebens und die \u00dcbertragung der Rechtssprechung und \u2011durchsetzung an den demokratisch kontrollierten Staat. Beides sollte selbstverst\u00e4ndlich sein.<\/p>\n<p>\u00a0<\/p>\n<p>Den Karikaturisten des <em>Charlie Hebdo<\/em>, die sich im Wissen um die Gefahr exponiert haben (wie es in der Schweiz auch der Satiriker Andreas Thiel tut) geh\u00f6rt gr\u00f6sster Respekt. Die (wechselnde) Qualit\u00e4t ihrer Arbeiten, und ob sie einem gefallen oder nicht, spielt dabei \u00fcberhaupt keine Rolle. Als Provokateure haben sie die unsch\u00e4tzbare Funktion, zu verhindern, dass sich gesellschaftlich und politisch inakzeptable Tabus im Diskurs ausbilden. Davon profitieren wir alle, genauso wie wir profitieren von mutigen und ebenfalls an Leib und Leben bedrohten Kollegen und Kolleginnen in L\u00e4ndern wie der Ukraine (2014 6 tote und 33 entf\u00fchrte Journalisten), Libyen (2014 4 tote und 29 entf\u00fchrte Journalisten), Syrien (2014 15 tote und 27 entf\u00fchrte Journalisten), Kuba, Kolumbien und (leider) so weiter und so fort.<\/p>\n<p>\u00a0<\/p>\n<p>Da stellt sich uns allen von der schreibenden, zeichnenden, sprechenden und filmenden Zunft die Frage, wie heldenhaft wir selber sein sollten.<\/p>\n<p>\u00a0<\/p>\n<p>Vor Jahrzehnten habe ich, wohl eher zuf\u00e4llig, einen Vortrag des Basler Philosophen Hans Saner zu ethischen Fragen besucht. Interessanterweise hat sich mir eine Bemerkung des Japsers-Sch\u00fclers tief eingebrannt, m\u00f6glicherweise, weil sie eine f\u00fcr mich selber damals dr\u00e4ngende Frage beleuchtete: Wir h\u00e4tten keine ethische Verpflichtung zum Heldentum, meinte Saner sinngem\u00e4ss (ich zitiere aus dem Ged\u00e4chtnis). Allerdings sei es unsere Pflicht, zu verhindern, es so weit kommen zu lassen, dass wir \u00fcberhaupt vor die Frage gestellt w\u00fcrden.<\/p>\n<p>\u00a0<\/p>\n<p>Wir sollten unseren Helden mehr als dankbar sein. Es braucht sie, weil wir, der Rest der Gesellschaft, unseren Job zu wenig gut machen und im Alltag immer wieder zu tolerant sind, wenn es darum geht, im kleinen Korruption, Schlamperei, Inkompetenz und Verantwortungslosigkeit zu dulden oder uns selber zuschulden kommen zu lassen. Die Welt wird erst dann besser, wenn wir alle bereit sind, in unserem Alltag unseren f\u00fcr uns tragbaren Teil der Verantwortung f\u00fcr ein gerechtes und funktionierendes Gemeinwesen zu \u00fcbernehmen. Das Attentat auf die <em>Charlie Hebdo<\/em>-Redaktion ist eine Aufforderung, in dieser Hinsicht immer konsequenter zu werden.<\/p>\n","protected":false},"excerpt":{"rendered":"<p style=\"text-align: center;\"><em>von Wolfgang B\u00f6hler<\/em><\/p>\n<p><img decoding=\"async\" src=\"images\/kolumnewb.jpg\" border=\"0\" alt=\"Portr\u00e4t Wolfgang B\u00f6hler\" style=\"float: left; margin: 8px;\" \/>09.01.2015 &#8212; Mit grosser Best\u00fcrzung habe auch ich den brutalen \u00dcberfall auf die Redaktion der franz\u00f6sischen Satirezeitschrift <em>Charlie Hebdo<\/em> und die sinnlose, barbarische Ermordung mutiger Journalisten, Polizisten, eines Raumpflegers und einer Psychoanalytikerin miterlebt. Die Tat trifft ins Mark und zwingt zu \u00dcberlegungen, was dies f\u00fcr uns Berufskollegen bedeutet. Es ist unbestritten: Man muss die Meinungs\u00e4usserungsfreiheit unbedingt verteidigen. Wie weit es m\u00f6glich ist, tabubrechende, verst\u00f6rende, ver\u00e4rgernde und repektlose Texte und Bilder zu ver\u00f6ffentlichen \u2012 das ist und bleibt der Gradmesser f\u00fcr das Mass der Freiheit und Offenheit einer Gesellschaft. Konsequenzen haben darf satirische Sch\u00e4rfe h\u00f6chstens in Form von Gerichtsf\u00e4llen. Da wird die staatspolitische Verantwortung der rechtlichen Beurteilung dem Rechtsstaat \u00fcbertragen. Die Attentate von Paris fordern deshalb zwei Grundpfeiler eines funktionierenden demokratischen Staatswesens heraus: die offene, tabufreie Debatte aller Aspekte des menschlichen Lebens und die \u00dcbertragung der Rechtssprechung und \u2011durchsetzung an den demokratisch kontrollierten Staat. Beides sollte selbstverst\u00e4ndlich sein.<\/p>\n","protected":false},"author":1,"featured_media":0,"comment_status":"open","ping_status":"open","sticky":false,"template":"","format":"standard","meta":{"footnotes":""},"categories":[5],"tags":[],"class_list":["post-2017","post","type-post","status-publish","format-standard","hentry","category-editorials","entry"],"_links":{"self":[{"href":"https:\/\/codexflores.ch\/index.php\/wp-json\/wp\/v2\/posts\/2017","targetHints":{"allow":["GET"]}}],"collection":[{"href":"https:\/\/codexflores.ch\/index.php\/wp-json\/wp\/v2\/posts"}],"about":[{"href":"https:\/\/codexflores.ch\/index.php\/wp-json\/wp\/v2\/types\/post"}],"author":[{"embeddable":true,"href":"https:\/\/codexflores.ch\/index.php\/wp-json\/wp\/v2\/users\/1"}],"replies":[{"embeddable":true,"href":"https:\/\/codexflores.ch\/index.php\/wp-json\/wp\/v2\/comments?post=2017"}],"version-history":[{"count":0,"href":"https:\/\/codexflores.ch\/index.php\/wp-json\/wp\/v2\/posts\/2017\/revisions"}],"wp:attachment":[{"href":"https:\/\/codexflores.ch\/index.php\/wp-json\/wp\/v2\/media?parent=2017"}],"wp:term":[{"taxonomy":"category","embeddable":true,"href":"https:\/\/codexflores.ch\/index.php\/wp-json\/wp\/v2\/categories?post=2017"},{"taxonomy":"post_tag","embeddable":true,"href":"https:\/\/codexflores.ch\/index.php\/wp-json\/wp\/v2\/tags?post=2017"}],"curies":[{"name":"wp","href":"https:\/\/api.w.org\/{rel}","templated":true}]}}