{"id":2018,"date":"2015-01-09T12:30:26","date_gmt":"2015-01-09T12:30:26","guid":{"rendered":"https:\/\/codexflores.ch\/index.php\/2015\/01\/09\/je-suis-charlie-die-freiheit-der-kunst-ist-unantastbar\/"},"modified":"2015-01-09T12:30:26","modified_gmt":"2015-01-09T12:30:26","slug":"je-suis-charlie-die-freiheit-der-kunst-ist-unantastbar","status":"publish","type":"post","link":"https:\/\/codexflores.ch\/index.php\/2015\/01\/09\/je-suis-charlie-die-freiheit-der-kunst-ist-unantastbar\/","title":{"rendered":"\u00abJe suis Charlie\u00bb &#8211; die Freiheit der Kunst ist unantastbar"},"content":{"rendered":"<p><span style=\"font-family: arial,helvetica,sans-serif; font-size: small;\">09.01.2015 &#8212; Die Theater und Orchester in Deutschland verurteilen aufs Sch\u00e4rfste den brutalen Anschlag auf <em>Charlie Hebdo<\/em> und trauern an der Seite der Angeh\u00f6rigen um die get\u00f6teten Mitarbeiter dieser Zeitschrift und die get\u00f6teten Polizisten. <em>Charlie Hebdo <\/em>stehe f\u00fcr die Freiheit der Kunst, schreibt der Deutsche B\u00fchnenverein.<\/span><\/p>\n<p><span style=\"font-family: arial,helvetica,sans-serif; font-size: small;\"><strong>09.01.2015 &#8212; Die Theater und Orchester in Deutschland verurteilen aufs Sch\u00e4rfste den brutalen Anschlag auf <em>Charlie Hebdo<\/em> und trauern an der Seite der Angeh\u00f6rigen um die get\u00f6teten Mitarbeiter dieser Zeitschrift und die get\u00f6teten Polizisten. <em>Charlie Hebdo <\/em>stehe f\u00fcr die Freiheit der Kunst, schreibt der Deutsche B\u00fchnenverein.<\/strong><\/span><\/p>\n<p>\u00a0<\/p>\n<p><span style=\"font-size: small; font-family: arial,helvetica,sans-serif;\">Diese Freiheit wurde vor allem in der franz\u00f6sischen Revolution erstritten und pr\u00e4gt heute das Wesen jedes freiheitlichen Rechtsstaats, schreibt der B\u00fchnenverein weiter. Wer die Freiheit der Kunst und mit ihr andere Freiheitsrechte, wie die Pressefreiheit, in Frage stelle oder sogar zum Ziel eines grausamen Mordanschlags mache, lege die Axt an die Grundfesten der Demokratie. <\/span><\/p>\n<p><span style=\"font-size: small; font-family: arial,helvetica,sans-serif;\">\u00a0<\/span><\/p>\n<p><span style=\"font-size: 10.0pt;\"><span style=\"font-family: arial,helvetica,sans-serif; font-size: small;\">Deshalb sei die Freiheit der Kunst unantastbar und bed\u00fcrfe der Verteidigung aller demokratisch gesinnten Europ\u00e4er, erkl\u00e4rt der B\u00fchnenverein. Die Theater und Orchester in Deutschland und ihre Mitarbeiter aus \u00fcber 90 Nationen der Welt solidarisierten sich mit der Bewegung <em>Je suis Charlie<\/em>, die anl\u00e4sslich des Anschlags auf <em>Charlie Hebdo<\/em> f\u00fcr den Erhalt der Freiheit \u2013 auch der muslimischen und friedlich gesinnten Mitb\u00fcrger \u2013 einstehe. <em>(pd)<\/em><\/span><br \/><\/span><\/p>\n","protected":false},"excerpt":{"rendered":"<p><span style=\"font-family: arial,helvetica,sans-serif; font-size: small;\">09.01.2015 &#8212; Die Theater und Orchester in Deutschland verurteilen aufs Sch\u00e4rfste den brutalen Anschlag auf <em>Charlie Hebdo<\/em> und trauern an der Seite der Angeh\u00f6rigen um die get\u00f6teten Mitarbeiter dieser Zeitschrift und die get\u00f6teten Polizisten. <em>Charlie Hebdo <\/em>stehe f\u00fcr die Freiheit der Kunst, schreibt der Deutsche B\u00fchnenverein.<\/span><\/p>\n","protected":false},"author":1,"featured_media":0,"comment_status":"open","ping_status":"open","sticky":false,"template":"","format":"standard","meta":{"footnotes":""},"categories":[2],"tags":[],"class_list":["post-2018","post","type-post","status-publish","format-standard","hentry","category-nachrichten","entry"],"_links":{"self":[{"href":"https:\/\/codexflores.ch\/index.php\/wp-json\/wp\/v2\/posts\/2018","targetHints":{"allow":["GET"]}}],"collection":[{"href":"https:\/\/codexflores.ch\/index.php\/wp-json\/wp\/v2\/posts"}],"about":[{"href":"https:\/\/codexflores.ch\/index.php\/wp-json\/wp\/v2\/types\/post"}],"author":[{"embeddable":true,"href":"https:\/\/codexflores.ch\/index.php\/wp-json\/wp\/v2\/users\/1"}],"replies":[{"embeddable":true,"href":"https:\/\/codexflores.ch\/index.php\/wp-json\/wp\/v2\/comments?post=2018"}],"version-history":[{"count":0,"href":"https:\/\/codexflores.ch\/index.php\/wp-json\/wp\/v2\/posts\/2018\/revisions"}],"wp:attachment":[{"href":"https:\/\/codexflores.ch\/index.php\/wp-json\/wp\/v2\/media?parent=2018"}],"wp:term":[{"taxonomy":"category","embeddable":true,"href":"https:\/\/codexflores.ch\/index.php\/wp-json\/wp\/v2\/categories?post=2018"},{"taxonomy":"post_tag","embeddable":true,"href":"https:\/\/codexflores.ch\/index.php\/wp-json\/wp\/v2\/tags?post=2018"}],"curies":[{"name":"wp","href":"https:\/\/api.w.org\/{rel}","templated":true}]}}