{"id":2020,"date":"2015-01-12T08:03:18","date_gmt":"2015-01-12T08:03:18","guid":{"rendered":"https:\/\/codexflores.ch\/index.php\/2015\/01\/12\/tod-des-al-kindi-gruenders-julien-jalal-eddine-weiss\/"},"modified":"2015-01-12T08:03:18","modified_gmt":"2015-01-12T08:03:18","slug":"tod-des-al-kindi-gruenders-julien-jalal-eddine-weiss","status":"publish","type":"post","link":"https:\/\/codexflores.ch\/index.php\/2015\/01\/12\/tod-des-al-kindi-gruenders-julien-jalal-eddine-weiss\/","title":{"rendered":"Tod des Al-Kindi-Gr\u00fcnders Julien Jal\u00e2l Eddine Weiss"},"content":{"rendered":"<p><span style=\"font-family: arial,helvetica,sans-serif; font-size: small;\">12.01.2015 &#8212; Der franz\u00f6sisch-schweizerische <span class=\"font\">Qu\u00e2n\u00fbn<\/span>-Virtuose und Gr\u00fcnders des Ensembles Al Kindi, Julien Jal\u00e2l Eddine Weiss, ist laut einer Meldung von France Musique in Paris im Alter von 61 Jahren einer Krebserkrankung erlegen.<\/span><\/p>\n<p><span style=\"font-family: arial,helvetica,sans-serif; font-size: small;\"><strong>12.01.2015 &#8212; Der franz\u00f6sisch-schweizerische <span class=\"font\">Qu\u00e2n\u00fbn<\/span>-Virtuose und Gr\u00fcnders des Ensembles Al Kindi, Julien Jal\u00e2l Eddine Weiss, ist laut einer Meldung von France Musique in Paris im Alter von 61 Jahren einer Krebserkrankung erlegen.<\/strong><\/span><\/p>\n<p>\u00a0<\/p>\n<p><span style=\"font-family: arial,helvetica,sans-serif; font-size: small;\">Weiss, Sohn einer Deutschschweizer Mutter und eines els\u00e4ssischen Vaters, war Gitarrist und gr\u00fcndete <span class=\"font\">1983 in der nordsyrischen Stadt Aleppo das Ensemble Al Kindi. Weiss hat lange Jahre den arabisch-t\u00fcrkischen Raum bereist, die reiche und vielf\u00e4ltige musikalische Tradition dieser Region studiert und das Qu\u00e2n\u00fbn, ein der Zither vergleichbares Instrument, virtuos spielen gelernt.<em> (cf)<\/em><\/span><\/span><\/p>\n<p>\u00a0<\/p>\n<p>\u00a0<\/p>\n","protected":false},"excerpt":{"rendered":"<p><span style=\"font-family: arial,helvetica,sans-serif; font-size: small;\">12.01.2015 &#8212; Der franz\u00f6sisch-schweizerische <span class=\"font\">Qu\u00e2n\u00fbn<\/span>-Virtuose und Gr\u00fcnders des Ensembles Al Kindi, Julien Jal\u00e2l Eddine Weiss, ist laut einer Meldung von France Musique in Paris im Alter von 61 Jahren einer Krebserkrankung erlegen.<\/span><\/p>\n","protected":false},"author":1,"featured_media":0,"comment_status":"open","ping_status":"open","sticky":false,"template":"","format":"standard","meta":{"footnotes":""},"categories":[2],"tags":[],"class_list":["post-2020","post","type-post","status-publish","format-standard","hentry","category-nachrichten","entry"],"_links":{"self":[{"href":"https:\/\/codexflores.ch\/index.php\/wp-json\/wp\/v2\/posts\/2020","targetHints":{"allow":["GET"]}}],"collection":[{"href":"https:\/\/codexflores.ch\/index.php\/wp-json\/wp\/v2\/posts"}],"about":[{"href":"https:\/\/codexflores.ch\/index.php\/wp-json\/wp\/v2\/types\/post"}],"author":[{"embeddable":true,"href":"https:\/\/codexflores.ch\/index.php\/wp-json\/wp\/v2\/users\/1"}],"replies":[{"embeddable":true,"href":"https:\/\/codexflores.ch\/index.php\/wp-json\/wp\/v2\/comments?post=2020"}],"version-history":[{"count":0,"href":"https:\/\/codexflores.ch\/index.php\/wp-json\/wp\/v2\/posts\/2020\/revisions"}],"wp:attachment":[{"href":"https:\/\/codexflores.ch\/index.php\/wp-json\/wp\/v2\/media?parent=2020"}],"wp:term":[{"taxonomy":"category","embeddable":true,"href":"https:\/\/codexflores.ch\/index.php\/wp-json\/wp\/v2\/categories?post=2020"},{"taxonomy":"post_tag","embeddable":true,"href":"https:\/\/codexflores.ch\/index.php\/wp-json\/wp\/v2\/tags?post=2020"}],"curies":[{"name":"wp","href":"https:\/\/api.w.org\/{rel}","templated":true}]}}