{"id":2022,"date":"2015-01-13T06:45:32","date_gmt":"2015-01-13T06:45:32","guid":{"rendered":"https:\/\/codexflores.ch\/index.php\/2015\/01\/13\/morgen-eroeffnet-die-philharmonie-de-paris\/"},"modified":"2015-01-13T06:45:32","modified_gmt":"2015-01-13T06:45:32","slug":"morgen-eroeffnet-die-philharmonie-de-paris","status":"publish","type":"post","link":"https:\/\/codexflores.ch\/index.php\/2015\/01\/13\/morgen-eroeffnet-die-philharmonie-de-paris\/","title":{"rendered":"Morgen \u00f6ffnet die Philharmonie de Paris ihre Tore"},"content":{"rendered":"<p><span style=\"font-family: arial,helvetica,sans-serif; font-size: small;\">13.01.2015 &#8212; Das Orchestre de Paris, Les Arts Florissants, das Ensemble Intercontemporain und das Pariser Kammerorchester mit H\u00e9l\u00e8ne Grimaud und Renaud Capu\u00e7on sowie &#8211; als Special Guest &#8211; Lang Lang f\u00fchren an drei Galaabenden ab morgen die Feierlichkeiten zur Er\u00f6ffnung der Philharmonie de Paris an.<\/span><\/p>\n<p><span style=\"font-family: arial,helvetica,sans-serif; font-size: small;\"><strong>13.01.2015 &#8212; Das Orchestre de Paris, Les Arts Florissants, das Ensemble Intercontemporain und das Pariser Kammerorchester mit H\u00e9l\u00e8ne Grimaud und Renaud Capu\u00e7on sowie &#8211; als Special Guest &#8211; Lang Lang f\u00fchren an drei Galaabenden ab morgen die Feierlichkeiten zur Er\u00f6ffnung der Philharmonie de Paris an.<\/strong><\/span><\/p>\n<p><span style=\"font-family: arial,helvetica,sans-serif; font-size: small;\">\u00a0<\/span><\/p>\n<p><span style=\"font-family: arial,helvetica,sans-serif; font-size: small;\">Entworfen von dem franz\u00f6sischen Architekten Jean Nouvel wird die Philharmonie de Paris im Parc de la Villette im 19. Arrondissement von Paris ein dauerhaftes Zuhause f\u00fcr das Orchestre de Paris, das Ensemble Intercontemporain und die drei assoziierten Ensembles Les Arts Florissants, Kammerorchester Paris und Orchestre National d&#8216; Ile-de-France bieten. <\/span><\/p>\n<p>\u00a0<\/p>\n<p><span style=\"font-family: arial,helvetica,sans-serif; font-size: small;\">Der Neubau beherbergt einen Grossen Saal, der bei flexibler Gestaltung bis zu 2400 Besuchern Platz bietet, einen \u00f6ffentlichen Vortragssaal mit 200 Pl\u00e4tzen, f\u00fcnfzehn Prober\u00e4ume unterschiedlicher Gr\u00f6sse, ein Zentrum f\u00fcr Musikausbildung auf 2000 Quadratmetern mit f\u00fcnfzehn Werkst\u00e4tten, einem voll ausgestattetem Aufnahmestudio und Vortragsr\u00e4umen sowie 800 Quadratmeter Ausstellungsfl\u00e4che f\u00fcr zeitgen\u00f6ssische Ausstellungen in Abstimmung mit dem jeweiligen Musikprogramm.\u00a0 <em>(cf)<\/em><\/span><\/p>\n<p>\u00a0<\/p>\n","protected":false},"excerpt":{"rendered":"<p><span style=\"font-family: arial,helvetica,sans-serif; font-size: small;\">13.01.2015 &#8212; Das Orchestre de Paris, Les Arts Florissants, das Ensemble Intercontemporain und das Pariser Kammerorchester mit H\u00e9l\u00e8ne Grimaud und Renaud Capu\u00e7on sowie &#8211; als Special Guest &#8211; Lang Lang f\u00fchren an drei Galaabenden ab morgen die Feierlichkeiten zur Er\u00f6ffnung der Philharmonie de Paris an.<\/span><\/p>\n","protected":false},"author":1,"featured_media":0,"comment_status":"open","ping_status":"open","sticky":false,"template":"","format":"standard","meta":{"footnotes":""},"categories":[2],"tags":[],"class_list":["post-2022","post","type-post","status-publish","format-standard","hentry","category-nachrichten","entry"],"_links":{"self":[{"href":"https:\/\/codexflores.ch\/index.php\/wp-json\/wp\/v2\/posts\/2022","targetHints":{"allow":["GET"]}}],"collection":[{"href":"https:\/\/codexflores.ch\/index.php\/wp-json\/wp\/v2\/posts"}],"about":[{"href":"https:\/\/codexflores.ch\/index.php\/wp-json\/wp\/v2\/types\/post"}],"author":[{"embeddable":true,"href":"https:\/\/codexflores.ch\/index.php\/wp-json\/wp\/v2\/users\/1"}],"replies":[{"embeddable":true,"href":"https:\/\/codexflores.ch\/index.php\/wp-json\/wp\/v2\/comments?post=2022"}],"version-history":[{"count":0,"href":"https:\/\/codexflores.ch\/index.php\/wp-json\/wp\/v2\/posts\/2022\/revisions"}],"wp:attachment":[{"href":"https:\/\/codexflores.ch\/index.php\/wp-json\/wp\/v2\/media?parent=2022"}],"wp:term":[{"taxonomy":"category","embeddable":true,"href":"https:\/\/codexflores.ch\/index.php\/wp-json\/wp\/v2\/categories?post=2022"},{"taxonomy":"post_tag","embeddable":true,"href":"https:\/\/codexflores.ch\/index.php\/wp-json\/wp\/v2\/tags?post=2022"}],"curies":[{"name":"wp","href":"https:\/\/api.w.org\/{rel}","templated":true}]}}