{"id":2027,"date":"2015-01-15T06:43:36","date_gmt":"2015-01-15T06:43:36","guid":{"rendered":"https:\/\/codexflores.ch\/index.php\/2015\/01\/15\/christian-reif-gewinnt-deutschen-operettenpreis\/"},"modified":"2015-01-15T06:43:36","modified_gmt":"2015-01-15T06:43:36","slug":"christian-reif-gewinnt-deutschen-operettenpreis","status":"publish","type":"post","link":"https:\/\/codexflores.ch\/index.php\/2015\/01\/15\/christian-reif-gewinnt-deutschen-operettenpreis\/","title":{"rendered":"Christian Reif gewinnt Deutschen Operettenpreis"},"content":{"rendered":"<p><span style=\"font-family: arial,helvetica,sans-serif; font-size: small;\">15.01.2015 &#8212; Der 7. Deutsche Operettenpreis f\u00fcr junge Dirigenten ist an Christian Reif verliehen worden. Er habe vor allem mit seiner Interpretation des <em>Kaiserwalzers<\/em> von Johann Strauss und der Ouvert\u00fcre zur <em>Cs\u00e1rd\u00e1sf\u00fcrstin<\/em> von Emmerich K\u00e1lm\u00e1n \u00fcberzeugen k\u00f6nnen, schreibt der Deutsche Musikrat.<\/span><\/p>\n<p><span style=\"font-family: arial,helvetica,sans-serif; font-size: small;\"><strong>15.01.2015 &#8212; Der 7. Deutsche Operettenpreis f\u00fcr junge Dirigenten ist an Christian Reif verliehen worden. Er habe vor allem mit seiner Interpretation des <em>Kaiserwalzers<\/em> von Johann Strauss und der Ouvert\u00fcre zur <em>Cs\u00e1rd\u00e1sf\u00fcrstin<\/em> von Emmerich K\u00e1lm\u00e1n \u00fcberzeugen k\u00f6nnen, schreibt der Deutsche Musikrat.<\/strong><\/span><\/p>\n<p>\u00a0<\/p>\n<p><span style=\"font-family: arial,helvetica,sans-serif; font-size: small;\">Christian Reif ist seit 2014 Conducting Fellow bei der New World Symphony in Miami. Er wurde 2014 in die F\u00f6rderung des Dirigentenforums des Deutschen Musikrates aufgenommen.<\/span><\/p>\n<p><span style=\"font-family: arial,helvetica,sans-serif; font-size: small;\">\u00a0<\/span><\/p>\n<p><span style=\"font-family: arial,helvetica,sans-serif; font-size: small;\">Insgesamt vier Teilnehmer nahmen an dem diesj\u00e4hrigen Workshop in Leipzig unter Leitung von Roland Seiffarth, Ehrendirigent der Musikalischen Kom\u00f6die, teil. Den Vorsitz der Jury hatte der \u00f6sterreichische Dirigent Manfred Mayrhofer. Auch das Leipziger Publikum konnte im Konzert seinen Favoriten per Stimmkarte w\u00e4hlen. Der Publikumspreis der <em>Leipziger Volkszeitung<\/em> ging in diesem Jahr an Fran\u00e7ois L\u00f3pez-Ferrer. <em>(cf)<\/em><\/span><\/p>\n<p>\u00a0<\/p>\n","protected":false},"excerpt":{"rendered":"<p><span style=\"font-family: arial,helvetica,sans-serif; font-size: small;\">15.01.2015 &#8212; Der 7. Deutsche Operettenpreis f\u00fcr junge Dirigenten ist an Christian Reif verliehen worden. Er habe vor allem mit seiner Interpretation des <em>Kaiserwalzers<\/em> von Johann Strauss und der Ouvert\u00fcre zur <em>Cs\u00e1rd\u00e1sf\u00fcrstin<\/em> von Emmerich K\u00e1lm\u00e1n \u00fcberzeugen k\u00f6nnen, schreibt der Deutsche Musikrat.<\/span><\/p>\n","protected":false},"author":1,"featured_media":0,"comment_status":"open","ping_status":"open","sticky":false,"template":"","format":"standard","meta":{"footnotes":""},"categories":[2],"tags":[],"class_list":["post-2027","post","type-post","status-publish","format-standard","hentry","category-nachrichten","entry"],"_links":{"self":[{"href":"https:\/\/codexflores.ch\/index.php\/wp-json\/wp\/v2\/posts\/2027","targetHints":{"allow":["GET"]}}],"collection":[{"href":"https:\/\/codexflores.ch\/index.php\/wp-json\/wp\/v2\/posts"}],"about":[{"href":"https:\/\/codexflores.ch\/index.php\/wp-json\/wp\/v2\/types\/post"}],"author":[{"embeddable":true,"href":"https:\/\/codexflores.ch\/index.php\/wp-json\/wp\/v2\/users\/1"}],"replies":[{"embeddable":true,"href":"https:\/\/codexflores.ch\/index.php\/wp-json\/wp\/v2\/comments?post=2027"}],"version-history":[{"count":0,"href":"https:\/\/codexflores.ch\/index.php\/wp-json\/wp\/v2\/posts\/2027\/revisions"}],"wp:attachment":[{"href":"https:\/\/codexflores.ch\/index.php\/wp-json\/wp\/v2\/media?parent=2027"}],"wp:term":[{"taxonomy":"category","embeddable":true,"href":"https:\/\/codexflores.ch\/index.php\/wp-json\/wp\/v2\/categories?post=2027"},{"taxonomy":"post_tag","embeddable":true,"href":"https:\/\/codexflores.ch\/index.php\/wp-json\/wp\/v2\/tags?post=2027"}],"curies":[{"name":"wp","href":"https:\/\/api.w.org\/{rel}","templated":true}]}}