{"id":2029,"date":"2015-01-15T07:50:45","date_gmt":"2015-01-15T07:50:45","guid":{"rendered":"https:\/\/codexflores.ch\/index.php\/2015\/01\/15\/nouvel-boykottiert-pariser-philharmonie-eroeffnung\/"},"modified":"2015-01-15T07:50:45","modified_gmt":"2015-01-15T07:50:45","slug":"nouvel-boykottiert-pariser-philharmonie-eroeffnung","status":"publish","type":"post","link":"https:\/\/codexflores.ch\/index.php\/2015\/01\/15\/nouvel-boykottiert-pariser-philharmonie-eroeffnung\/","title":{"rendered":"Nouvel boykottiert Pariser Philharmonie-Er\u00f6ffnung"},"content":{"rendered":"<p><span style=\"font-family: arial,helvetica,sans-serif; font-size: small;\">15.01.2015 &#8212; F\u00fcr den Architekten Jean Nouvel ist die gegenw\u00e4rtige Er\u00f6ffnung der Philharmonie de Paris verfr\u00fcht, vermurkst und \u2013 sinngem\u00e4ss \u2013 stillos. Er hat deshalb die Er\u00f6ffnungsfeierlichkeiten boykottiert.<\/span><\/p>\n<p><span style=\"font-family: arial,helvetica,sans-serif; font-size: small;\"><strong>15.01.2015 &#8212; F\u00fcr den Architekten Jean Nouvel ist die gegenw\u00e4rtige Er\u00f6ffnung der Philharmonie de Paris verfr\u00fcht, vermurkst und \u2013 sinngem\u00e4ss \u2013 stillos. Er hat deshalb die Er\u00f6ffnungsfeierlichkeiten boykottiert.<\/strong><\/span><\/p>\n<p>\u00a0<\/p>\n<p><span style=\"font-family: arial,helvetica,sans-serif; font-size: small;\">In der Zeitung <em>Le Monde<\/em> schreibt Nouvel, die Er\u00f6ffnung sei gegen den Rat der Architekten verfr\u00fcht angesetzt worden. Akustische Tests h\u00e4tten nicht durchgef\u00fchrt werden k\u00f6nnen. Zudem seien nicht alle R\u00e4ume bezugesbereit und die Philharmonie auch sonst noch zum Teil eine Baustelle.<\/span><\/p>\n<p>\u00a0<\/p>\n<p><span style=\"font-family: arial,helvetica,sans-serif; font-size: small;\">Die Er\u00f6ffnung sei deshalb ein Schuss ins eigene Knie, sei es doch nicht m\u00f6glich, die Ideen und St\u00e4rken des Projektes ins richtige Licht zu r\u00fccken. Als Archtiekt sehe er sich deshalb von der Politik und den offiziellen Entschiedungstr\u00e4gern missbraucht.<em> (cf) \u00a0<\/em> <\/span><\/p>\n<p>\u00a0<\/p>\n<p>\u00a0<\/p>\n<p>\u00a0<\/p>\n<p>\u00a0<\/p>\n","protected":false},"excerpt":{"rendered":"<p><span style=\"font-family: arial,helvetica,sans-serif; font-size: small;\">15.01.2015 &#8212; F\u00fcr den Architekten Jean Nouvel ist die gegenw\u00e4rtige Er\u00f6ffnung der Philharmonie de Paris verfr\u00fcht, vermurkst und \u2013 sinngem\u00e4ss \u2013 stillos. Er hat deshalb die Er\u00f6ffnungsfeierlichkeiten boykottiert.<\/span><\/p>\n","protected":false},"author":1,"featured_media":0,"comment_status":"open","ping_status":"open","sticky":false,"template":"","format":"standard","meta":{"footnotes":""},"categories":[2],"tags":[],"class_list":["post-2029","post","type-post","status-publish","format-standard","hentry","category-nachrichten","entry"],"_links":{"self":[{"href":"https:\/\/codexflores.ch\/index.php\/wp-json\/wp\/v2\/posts\/2029","targetHints":{"allow":["GET"]}}],"collection":[{"href":"https:\/\/codexflores.ch\/index.php\/wp-json\/wp\/v2\/posts"}],"about":[{"href":"https:\/\/codexflores.ch\/index.php\/wp-json\/wp\/v2\/types\/post"}],"author":[{"embeddable":true,"href":"https:\/\/codexflores.ch\/index.php\/wp-json\/wp\/v2\/users\/1"}],"replies":[{"embeddable":true,"href":"https:\/\/codexflores.ch\/index.php\/wp-json\/wp\/v2\/comments?post=2029"}],"version-history":[{"count":0,"href":"https:\/\/codexflores.ch\/index.php\/wp-json\/wp\/v2\/posts\/2029\/revisions"}],"wp:attachment":[{"href":"https:\/\/codexflores.ch\/index.php\/wp-json\/wp\/v2\/media?parent=2029"}],"wp:term":[{"taxonomy":"category","embeddable":true,"href":"https:\/\/codexflores.ch\/index.php\/wp-json\/wp\/v2\/categories?post=2029"},{"taxonomy":"post_tag","embeddable":true,"href":"https:\/\/codexflores.ch\/index.php\/wp-json\/wp\/v2\/tags?post=2029"}],"curies":[{"name":"wp","href":"https:\/\/api.w.org\/{rel}","templated":true}]}}