{"id":2031,"date":"2015-01-16T07:59:50","date_gmt":"2015-01-16T07:59:50","guid":{"rendered":"https:\/\/codexflores.ch\/index.php\/2015\/01\/16\/younghi-pagh-paan-mit-kirchenmusik-preis-geehrt\/"},"modified":"2015-01-16T07:59:50","modified_gmt":"2015-01-16T07:59:50","slug":"younghi-pagh-paan-mit-kirchenmusik-preis-geehrt","status":"publish","type":"post","link":"https:\/\/codexflores.ch\/index.php\/2015\/01\/16\/younghi-pagh-paan-mit-kirchenmusik-preis-geehrt\/","title":{"rendered":"Younghi Pagh-Paan mit Kirchenmusik-Preis geehrt"},"content":{"rendered":"<p><span style=\"font-family: arial,helvetica,sans-serif; font-size: small;\">16.01.2015 &#8212; Der Preis des Festivals Europ\u00e4ische Kirchenmusik Schw\u00e4bisch Gm\u00fcnd 2015 geht an die aus S\u00fcdkorea stammende Komponistin Younghi Pagh-Paan. Sie wird von der Stadt Schw\u00e4bisch Gm\u00fcnd \u00abf\u00fcr Ihre Verdienste um die zeitgen\u00f6ssische Musik und ihre einzigartigen, interkulturellen Visionen\u00bb geehrt.<\/span><\/p>\n<p><span style=\"font-family: arial,helvetica,sans-serif; font-size: small;\"><strong>16.01.2015 &#8212; Der Preis des Festivals Europ\u00e4ische Kirchenmusik Schw\u00e4bisch Gm\u00fcnd 2015 geht an die aus S\u00fcdkorea stammende Komponistin Younghi Pagh-Paan. Sie wird von der Stadt Schw\u00e4bisch Gm\u00fcnd \u00abf\u00fcr Ihre Verdienste um die zeitgen\u00f6ssische Musik und ihre einzigartigen, interkulturellen Visionen\u00bb geehrt.<\/strong><\/span><\/p>\n<p>\u00a0<\/p>\n<p><span style=\"font-family: arial,helvetica,sans-serif; font-size: small;\">Younghi Pagh-Paan studierte ab 1974 bei Klaus Huber an der Musikhochschule in Freiburg. Nach Gastprofessuren an den Musikhochschulen Graz und Karlsruhe wurde sie 1994 zur Professorin f\u00fcr Komposition an die Hochschule f\u00fcr K\u00fcnste Bremen berufen. Dort gr\u00fcndete sie das Atelier Neue Musik, das sie bis 2011 leitete.<\/span><\/p>\n<p>\u00a0<\/p>\n<p><span style=\"font-family: arial,helvetica,sans-serif; font-size: small;\">Der Preis der Europ\u00e4ischen Kirchenmusik ist mit 5000 Euro dotiert. Er zeichnet seit 1999 hochrangige Interpreten und Komponisten f\u00fcr \u00abwegweisende Leistungen im Bereich der Geistlichen Musik\u00bb aus. Zu den bisherigen Preistr\u00e4gern geh\u00f6ren die Komponisten Petr Eben, Sofia Gubaidulina, Klaus Huber, Arvo P\u00e4rt, Krzysztof Penderecki, Dieter Schnebel und Hans Zender. <em>(cf)<\/em><\/span><\/p>\n<p>\u00a0<\/p>\n","protected":false},"excerpt":{"rendered":"<p><span style=\"font-family: arial,helvetica,sans-serif; font-size: small;\">16.01.2015 &#8212; Der Preis des Festivals Europ\u00e4ische Kirchenmusik Schw\u00e4bisch Gm\u00fcnd 2015 geht an die aus S\u00fcdkorea stammende Komponistin Younghi Pagh-Paan. Sie wird von der Stadt Schw\u00e4bisch Gm\u00fcnd \u00abf\u00fcr Ihre Verdienste um die zeitgen\u00f6ssische Musik und ihre einzigartigen, interkulturellen Visionen\u00bb geehrt.<\/span><\/p>\n","protected":false},"author":1,"featured_media":0,"comment_status":"open","ping_status":"open","sticky":false,"template":"","format":"standard","meta":{"footnotes":""},"categories":[2],"tags":[],"class_list":["post-2031","post","type-post","status-publish","format-standard","hentry","category-nachrichten","entry"],"_links":{"self":[{"href":"https:\/\/codexflores.ch\/index.php\/wp-json\/wp\/v2\/posts\/2031","targetHints":{"allow":["GET"]}}],"collection":[{"href":"https:\/\/codexflores.ch\/index.php\/wp-json\/wp\/v2\/posts"}],"about":[{"href":"https:\/\/codexflores.ch\/index.php\/wp-json\/wp\/v2\/types\/post"}],"author":[{"embeddable":true,"href":"https:\/\/codexflores.ch\/index.php\/wp-json\/wp\/v2\/users\/1"}],"replies":[{"embeddable":true,"href":"https:\/\/codexflores.ch\/index.php\/wp-json\/wp\/v2\/comments?post=2031"}],"version-history":[{"count":0,"href":"https:\/\/codexflores.ch\/index.php\/wp-json\/wp\/v2\/posts\/2031\/revisions"}],"wp:attachment":[{"href":"https:\/\/codexflores.ch\/index.php\/wp-json\/wp\/v2\/media?parent=2031"}],"wp:term":[{"taxonomy":"category","embeddable":true,"href":"https:\/\/codexflores.ch\/index.php\/wp-json\/wp\/v2\/categories?post=2031"},{"taxonomy":"post_tag","embeddable":true,"href":"https:\/\/codexflores.ch\/index.php\/wp-json\/wp\/v2\/tags?post=2031"}],"curies":[{"name":"wp","href":"https:\/\/api.w.org\/{rel}","templated":true}]}}