{"id":2033,"date":"2015-01-19T06:51:38","date_gmt":"2015-01-19T06:51:38","guid":{"rendered":"https:\/\/codexflores.ch\/index.php\/2015\/01\/19\/chor-des-bayerischen-rundfunks-mit-staatspreis-geehrt\/"},"modified":"2015-01-19T06:51:38","modified_gmt":"2015-01-19T06:51:38","slug":"chor-des-bayerischen-rundfunks-mit-staatspreis-geehrt","status":"publish","type":"post","link":"https:\/\/codexflores.ch\/index.php\/2015\/01\/19\/chor-des-bayerischen-rundfunks-mit-staatspreis-geehrt\/","title":{"rendered":"Chor des Bayerischen Rundfunks mit Staatspreis geehrt"},"content":{"rendered":"<p><span style=\"font-family: arial,helvetica,sans-serif; font-size: small;\">19.01.2015 &#8212; Der Chor des Bayerischen Rundfunks wird mit dem Bayerischen Staatspreis f\u00fcr Musik 2015 in der Kategorie Professionelles Musizieren geehrt.<\/span><\/p>\n<p><span style=\"font-family: arial,helvetica,sans-serif; font-size: small;\"><strong>19.01.2015 &#8212; Der Chor des Bayerischen Rundfunks wird mit dem Bayerischen Staatspreis f\u00fcr Musik 2015 in der Kategorie Professionelles Musizieren geehrt.<\/strong><\/span><\/p>\n<p><span style=\"font-family: arial,helvetica,sans-serif; font-size: small;\">\u00a0<\/span><\/p>\n<p><span style=\"font-family: arial,helvetica,sans-serif; font-size: small;\">Die Jury w\u00fcrdigt \u00abinsbesondere die aussergew\u00f6hnliche klangliche Homogenit\u00e4t und die stilistische Vielseitigkeit, die alle Gebiete des Chorgesangs von der mittelalterlichen Motette bis zu zeitgen\u00f6ssischen Werken, vom Oratorium bis zur Oper umfasst\u00bb. Der Chor des Bayerischen Rundfunks geniesse in aller Welt h\u00f6chstes Ansehen und z\u00e4hle daher zu den bedeutendsten musikalischen Botschaftern Bayerns.<\/span><\/p>\n<p><span style=\"font-family: arial,helvetica,sans-serif; font-size: small;\">\u00a0<\/span><\/p>\n<p><span style=\"font-family: arial,helvetica,sans-serif; font-size: small;\">Der Bayerische Staatspreis f\u00fcr Musik w\u00fcrdigt \u00abEinzelpers\u00f6nlichkeiten oder Musikensembles, die sich durch herausragende musikalische Leistungen oder innovative Konzepte in besonderer Weise um die Musik und das Musizieren in Bayern verdient gemacht haben\u00bb. Die Auszeichnungen werden deses Jahr vom Bayerischen Staatsministerium f\u00fcr Bildung und Kultus, Wissenschaft und Kunst zum zweiten Mal vergeben. <em>(cf)<\/em><\/span><\/p>\n<p><span style=\"font-family: arial,helvetica,sans-serif; font-size: small;\">\u00a0<\/span><\/p>\n","protected":false},"excerpt":{"rendered":"<p><span style=\"font-family: arial,helvetica,sans-serif; font-size: small;\">19.01.2015 &#8212; Der Chor des Bayerischen Rundfunks wird mit dem Bayerischen Staatspreis f\u00fcr Musik 2015 in der Kategorie Professionelles Musizieren geehrt.<\/span><\/p>\n","protected":false},"author":1,"featured_media":0,"comment_status":"open","ping_status":"open","sticky":false,"template":"","format":"standard","meta":{"footnotes":""},"categories":[2],"tags":[],"class_list":["post-2033","post","type-post","status-publish","format-standard","hentry","category-nachrichten","entry"],"_links":{"self":[{"href":"https:\/\/codexflores.ch\/index.php\/wp-json\/wp\/v2\/posts\/2033","targetHints":{"allow":["GET"]}}],"collection":[{"href":"https:\/\/codexflores.ch\/index.php\/wp-json\/wp\/v2\/posts"}],"about":[{"href":"https:\/\/codexflores.ch\/index.php\/wp-json\/wp\/v2\/types\/post"}],"author":[{"embeddable":true,"href":"https:\/\/codexflores.ch\/index.php\/wp-json\/wp\/v2\/users\/1"}],"replies":[{"embeddable":true,"href":"https:\/\/codexflores.ch\/index.php\/wp-json\/wp\/v2\/comments?post=2033"}],"version-history":[{"count":0,"href":"https:\/\/codexflores.ch\/index.php\/wp-json\/wp\/v2\/posts\/2033\/revisions"}],"wp:attachment":[{"href":"https:\/\/codexflores.ch\/index.php\/wp-json\/wp\/v2\/media?parent=2033"}],"wp:term":[{"taxonomy":"category","embeddable":true,"href":"https:\/\/codexflores.ch\/index.php\/wp-json\/wp\/v2\/categories?post=2033"},{"taxonomy":"post_tag","embeddable":true,"href":"https:\/\/codexflores.ch\/index.php\/wp-json\/wp\/v2\/tags?post=2033"}],"curies":[{"name":"wp","href":"https:\/\/api.w.org\/{rel}","templated":true}]}}