{"id":2034,"date":"2015-01-19T07:02:50","date_gmt":"2015-01-19T07:02:50","guid":{"rendered":"https:\/\/codexflores.ch\/index.php\/2015\/01\/19\/klangkunst-aus-der-materialpruefungsanstalt\/"},"modified":"2015-01-19T07:02:50","modified_gmt":"2015-01-19T07:02:50","slug":"klangkunst-aus-der-materialpruefungsanstalt","status":"publish","type":"post","link":"https:\/\/codexflores.ch\/index.php\/2015\/01\/19\/klangkunst-aus-der-materialpruefungsanstalt\/","title":{"rendered":"Klangkunst aus der Materialpr\u00fcfungsanstalt"},"content":{"rendered":"<p><span style=\"font-family: arial,helvetica,sans-serif; font-size: small;\">19.01.2015 &#8212; Das neueste Klang-Kunstwerk des belgischen K\u00fcnstlers Aernoudt Jacobs ist mit Hilfe von Technologie der Eidgen\u00f6ssische Materialpr\u00fcfungs- und Forschungsanstalt (Empa) entstanden.<\/span><\/p>\n<p><span style=\"font-family: arial,helvetica,sans-serif; font-size: small;\"><strong>19.01.2015 &#8212; Das neueste Klang-Kunstwerk des belgischen K\u00fcnstlers Aernoudt Jacobs ist mit Hilfe von Technologie der Eidgen\u00f6ssische Materialpr\u00fcfungs- und Forschungsanstalt (Empa) entstanden.<\/strong><\/span><\/p>\n<p><span style=\"font-family: arial,helvetica,sans-serif; font-size: small;\">\u00a0<\/span><\/p>\n<p><span style=\"font-family: arial,helvetica,sans-serif; font-size: small;\">Im Inneren des Kunstwerks steckt eine Membran aus elektroaktiven Polymeren, auch \u00abk\u00fcnstliche Muskeln\u00bb genannt. Sie erzeugt Reflexionen und T\u00f6ne zugleich. Im vergangenen Oktober hat der belgische K\u00fcnstler mit dem Empa-Forscher Silvain Michel, einem Spezialisten f\u00fcr elektroaktive Polymere, einen Prototypen der verspiegelten Soundmembran getestet. <\/span><\/p>\n<p>\u00a0<\/p>\n<p><span style=\"font-family: arial,helvetica,sans-serif; font-size: small;\">Bei dem in Wien ausgestelltem Kunstwerk folgen die T\u00f6ne einer Choreographie, die Bewegung und Ton verbindet. Der Besucher erkennt, was er h\u00f6rt, aber die Tonalit\u00e4t \u00e4ndert sich immer wieder. Diese Kombination ergibt einen unkonventionellen Echoeffekt.<\/span><\/p>\n<p>\u00a0<\/p>\n<p><span style=\"font-family: arial,helvetica,sans-serif; font-size: small;\">Das Klang-Kunstwerk, l\u00e4sst sich vom 28. Januar bis 14. Februar in der Galerie Im Ersten in der Sonnenfelsgasse 3 in Wien h\u00f6ren und sehen. <em>(cf)\u00a0 <\/em><\/span><\/p>\n<p>\u00a0<\/p>\n","protected":false},"excerpt":{"rendered":"<p><span style=\"font-family: arial,helvetica,sans-serif; font-size: small;\">19.01.2015 &#8212; Das neueste Klang-Kunstwerk des belgischen K\u00fcnstlers Aernoudt Jacobs ist mit Hilfe von Technologie der Eidgen\u00f6ssische Materialpr\u00fcfungs- und Forschungsanstalt (Empa) entstanden.<\/span><\/p>\n","protected":false},"author":1,"featured_media":0,"comment_status":"open","ping_status":"open","sticky":false,"template":"","format":"standard","meta":{"footnotes":""},"categories":[2],"tags":[],"class_list":["post-2034","post","type-post","status-publish","format-standard","hentry","category-nachrichten","entry"],"_links":{"self":[{"href":"https:\/\/codexflores.ch\/index.php\/wp-json\/wp\/v2\/posts\/2034","targetHints":{"allow":["GET"]}}],"collection":[{"href":"https:\/\/codexflores.ch\/index.php\/wp-json\/wp\/v2\/posts"}],"about":[{"href":"https:\/\/codexflores.ch\/index.php\/wp-json\/wp\/v2\/types\/post"}],"author":[{"embeddable":true,"href":"https:\/\/codexflores.ch\/index.php\/wp-json\/wp\/v2\/users\/1"}],"replies":[{"embeddable":true,"href":"https:\/\/codexflores.ch\/index.php\/wp-json\/wp\/v2\/comments?post=2034"}],"version-history":[{"count":0,"href":"https:\/\/codexflores.ch\/index.php\/wp-json\/wp\/v2\/posts\/2034\/revisions"}],"wp:attachment":[{"href":"https:\/\/codexflores.ch\/index.php\/wp-json\/wp\/v2\/media?parent=2034"}],"wp:term":[{"taxonomy":"category","embeddable":true,"href":"https:\/\/codexflores.ch\/index.php\/wp-json\/wp\/v2\/categories?post=2034"},{"taxonomy":"post_tag","embeddable":true,"href":"https:\/\/codexflores.ch\/index.php\/wp-json\/wp\/v2\/tags?post=2034"}],"curies":[{"name":"wp","href":"https:\/\/api.w.org\/{rel}","templated":true}]}}