{"id":2037,"date":"2015-01-20T06:44:44","date_gmt":"2015-01-20T06:44:44","guid":{"rendered":"https:\/\/codexflores.ch\/index.php\/2015\/01\/20\/mendelssohn-preis-2015-geht-an-bratschistin-sara-kim\/"},"modified":"2015-01-20T06:44:44","modified_gmt":"2015-01-20T06:44:44","slug":"mendelssohn-preis-2015-geht-an-bratschistin-sara-kim","status":"publish","type":"post","link":"https:\/\/codexflores.ch\/index.php\/2015\/01\/20\/mendelssohn-preis-2015-geht-an-bratschistin-sara-kim\/","title":{"rendered":"Mendelssohn-Preis 2015 geht an Bratschistin Sara Kim"},"content":{"rendered":"<p><span style=\"font-family: arial,helvetica,sans-serif; font-size: small;\">20.01.2015 &#8212; Die Preistr\u00e4ger des Mendelssohn-Preises beim deutschen Felix Mendelssohn Bartholdy Hochschulwettbewerb 2015 stehen fest. Der erste Preis geht an die Bratschistin Sara Kim von der Hochschule f\u00fcr Musik und Theater M\u00fcnchen.<\/span><\/p>\n<p><span style=\"font-family: arial,helvetica,sans-serif; font-size: small;\"><strong>20.01.2015 &#8212; Die Preistr\u00e4ger des Mendelssohn-Preises beim deutschen Felix Mendelssohn Bartholdy Hochschulwettbewerb 2015 stehen fest. Der erste Preis geht an die Bratschistin Sara Kim von der Hochschule f\u00fcr Musik und Theater M\u00fcnchen.<\/strong><\/span><\/p>\n<p><span style=\"font-family: arial,helvetica,sans-serif; font-size: small;\">\u00a0<\/span><\/p>\n<p><span style=\"font-family: arial,helvetica,sans-serif; font-size: small;\">Den Preis des Bundespr\u00e4sidenten (Zweiter Preis im Fach Viola) hat Adrien La Marca von der Hochschule f\u00fcr Musik \u00abHanns Eisler\u00bb Berlin erhalten. Im Fach Trompete erhielt Simon H\u00f6fele von der Hochschule f\u00fcr Musik und Theater M\u00fcnchen den ersten Preis, im Fach Klarinette \u017dilvinas Brazauskas, der an der Musikhochschule L\u00fcbeck studiert. Der junge Litauer erhielt ausserdem den Preis der Freunde Junger Musiker Deutschland.<\/span><\/p>\n<p>\u00a0<\/p>\n<p><span style=\"font-family: arial,helvetica,sans-serif; font-size: small;\"> Im Wettbewerbsfach Vokalensemble zeichnete die Jury das Voktett Hannover von der Hochschule f\u00fcr Musik, Theater und Medien Hannover mit dem Ersten Preis aus. Die jungen S\u00e4ngerinnen und S\u00e4nger pr\u00e4sentierten ihr Programm im Preistr\u00e4gerkonzert Vokalensemble am Samstag, in dem auch alle Zweiten und Dritten Preistr\u00e4gerinnen und Preistr\u00e4ger auftraten. <\/span><\/p>\n<p>\u00a0<\/p>\n<p><span style=\"font-family: arial,helvetica,sans-serif; font-size: small;\">Der traditionsreiche Felix Mendelssohn Bartholdy Hochschulwettbewerb, der von der Stiftung Preussischer Kulturbesitz und der Rektorenkonferenz der deutschen Musikhochschulen ausgelobt wird, fand in diesem Jahr vom 14. bis zum 18. Januar wieder an der Universit\u00e4t der K\u00fcnste Berlin statt. Insgesamt konnten Preisgelder in H\u00f6he von insgesamt 60&#8217;000 Euro vergeben werden. <em>(cf)<\/em><\/span><\/p>\n","protected":false},"excerpt":{"rendered":"<p><span style=\"font-family: arial,helvetica,sans-serif; font-size: small;\">20.01.2015 &#8212; Die Preistr\u00e4ger des Mendelssohn-Preises beim deutschen Felix Mendelssohn Bartholdy Hochschulwettbewerb 2015 stehen fest. Der erste Preis geht an die Bratschistin Sara Kim von der Hochschule f\u00fcr Musik und Theater M\u00fcnchen.<\/span><\/p>\n","protected":false},"author":1,"featured_media":0,"comment_status":"open","ping_status":"open","sticky":false,"template":"","format":"standard","meta":{"footnotes":""},"categories":[2],"tags":[],"class_list":["post-2037","post","type-post","status-publish","format-standard","hentry","category-nachrichten","entry"],"_links":{"self":[{"href":"https:\/\/codexflores.ch\/index.php\/wp-json\/wp\/v2\/posts\/2037","targetHints":{"allow":["GET"]}}],"collection":[{"href":"https:\/\/codexflores.ch\/index.php\/wp-json\/wp\/v2\/posts"}],"about":[{"href":"https:\/\/codexflores.ch\/index.php\/wp-json\/wp\/v2\/types\/post"}],"author":[{"embeddable":true,"href":"https:\/\/codexflores.ch\/index.php\/wp-json\/wp\/v2\/users\/1"}],"replies":[{"embeddable":true,"href":"https:\/\/codexflores.ch\/index.php\/wp-json\/wp\/v2\/comments?post=2037"}],"version-history":[{"count":0,"href":"https:\/\/codexflores.ch\/index.php\/wp-json\/wp\/v2\/posts\/2037\/revisions"}],"wp:attachment":[{"href":"https:\/\/codexflores.ch\/index.php\/wp-json\/wp\/v2\/media?parent=2037"}],"wp:term":[{"taxonomy":"category","embeddable":true,"href":"https:\/\/codexflores.ch\/index.php\/wp-json\/wp\/v2\/categories?post=2037"},{"taxonomy":"post_tag","embeddable":true,"href":"https:\/\/codexflores.ch\/index.php\/wp-json\/wp\/v2\/tags?post=2037"}],"curies":[{"name":"wp","href":"https:\/\/api.w.org\/{rel}","templated":true}]}}