{"id":2039,"date":"2015-01-20T07:06:26","date_gmt":"2015-01-20T07:06:26","guid":{"rendered":"https:\/\/codexflores.ch\/index.php\/2015\/01\/20\/petition-keine-musikwueste-in-basel\/"},"modified":"2015-01-20T07:06:26","modified_gmt":"2015-01-20T07:06:26","slug":"petition-keine-musikwueste-in-basel","status":"publish","type":"post","link":"https:\/\/codexflores.ch\/index.php\/2015\/01\/20\/petition-keine-musikwueste-in-basel\/","title":{"rendered":"Petition \u00abKeine Musikw\u00fcste in Basel!\u00bb"},"content":{"rendered":"<p><span style=\"font-family: arial,helvetica,sans-serif; font-size: small;\">20.01.2015 &#8212; Von einer Ausweisung betroffene Basler Musiker aus Nicht-EU-L\u00e4ndern haben eine Petition gestartet: \u00abKeine Musikw\u00fcste in Basel!\u00bb. Sie hoffen auf eine Praxis\u00e4nderung des Bundesamtes f\u00fcr Migration.<\/span><\/p>\n<p><span style=\"font-family: arial,helvetica,sans-serif; font-size: small;\"><strong>20.01.2015 &#8212; Von einer Ausweisung betroffene Basler Musiker aus Nicht-EU-L\u00e4ndern haben eine Petition gestartet: \u00abKeine Musikw\u00fcste in Basel!\u00bb. Sie hoffen auf eine Praxis\u00e4nderung des Bundesamtes f\u00fcr Migration.<\/strong><\/span><\/p>\n<p><span style=\"font-family: arial,helvetica,sans-serif; font-size: small;\">\u00a0<\/span><\/p>\n<p><span style=\"font-family: arial,helvetica,sans-serif; font-size: small;\">Am 1. September 2014 sind seit Jahren in Basel wohnende Musikerinnen und Musiker dar\u00fcber informiert, dass sie die Schweiz verlassen m\u00fcssen. Hintergrund ist eine Praxis\u00e4nderung beim Bundesamt f\u00fcr Migration. Sie treffen Pers\u00f6nlichkeiten wie Ori Harmelin, Dan Dunkelblum, Sonoko Asabuki und zahlreiche weitere.<\/span><\/p>\n<p><span style=\"font-family: arial,helvetica,sans-serif; font-size: small;\">\u00a0<\/span><\/p>\n<p><span style=\"font-family: arial,helvetica,sans-serif; font-size: small;\">Diese Praxis\u00e4nderung sei f\u00fcr professionelle Musikerinnen und Musiker v\u00f6llig praxisfern, schreiben die Petition\u00e4re: So m\u00fcssten alle Musikerinnen und Musiker, welche aus Nicht-EU-L\u00e4ndern stammen, ab 1. Januar 2015 eine 75-Prozent-Stelle vorweisen, um \u00fcberhaupt die Chance auf eine Aufenthaltsbewilligung zu haben. Zudem gelten weitere Einschr\u00e4nkungen. Die einzige Chance, dass die Betroffenen weiter in der Schweiz ihre musikalischen Karrieren fortsetzen k\u00f6nnten, sei, wenn die Weisungen des Bundesamtes ge\u00e4ndert w\u00fcrden. <em>(cf)<\/em><\/span><\/p>\n<p><span style=\"font-family: arial,helvetica,sans-serif; font-size: small;\">\u00a0<\/span><\/p>\n<p><span style=\"font-family: arial,helvetica,sans-serif; font-size: small;\"><strong> Mehr Infos:<\/strong> <a href=\"http:\/\/www.petitionen24.com\/musikwuestebasel%20%20\" target=\"_blank\" rel=\"noopener noreferrer\">www.petitionen24.com\/musikwuestebasel \u00a0<\/a><\/span><\/p>\n","protected":false},"excerpt":{"rendered":"<p><span style=\"font-family: arial,helvetica,sans-serif; font-size: small;\">20.01.2015 &#8212; Von einer Ausweisung betroffene Basler Musiker aus Nicht-EU-L\u00e4ndern haben eine Petition gestartet: \u00abKeine Musikw\u00fcste in Basel!\u00bb. Sie hoffen auf eine Praxis\u00e4nderung des Bundesamtes f\u00fcr Migration.<\/span><\/p>\n","protected":false},"author":1,"featured_media":0,"comment_status":"open","ping_status":"open","sticky":false,"template":"","format":"standard","meta":{"footnotes":""},"categories":[2],"tags":[],"class_list":["post-2039","post","type-post","status-publish","format-standard","hentry","category-nachrichten","entry"],"_links":{"self":[{"href":"https:\/\/codexflores.ch\/index.php\/wp-json\/wp\/v2\/posts\/2039","targetHints":{"allow":["GET"]}}],"collection":[{"href":"https:\/\/codexflores.ch\/index.php\/wp-json\/wp\/v2\/posts"}],"about":[{"href":"https:\/\/codexflores.ch\/index.php\/wp-json\/wp\/v2\/types\/post"}],"author":[{"embeddable":true,"href":"https:\/\/codexflores.ch\/index.php\/wp-json\/wp\/v2\/users\/1"}],"replies":[{"embeddable":true,"href":"https:\/\/codexflores.ch\/index.php\/wp-json\/wp\/v2\/comments?post=2039"}],"version-history":[{"count":0,"href":"https:\/\/codexflores.ch\/index.php\/wp-json\/wp\/v2\/posts\/2039\/revisions"}],"wp:attachment":[{"href":"https:\/\/codexflores.ch\/index.php\/wp-json\/wp\/v2\/media?parent=2039"}],"wp:term":[{"taxonomy":"category","embeddable":true,"href":"https:\/\/codexflores.ch\/index.php\/wp-json\/wp\/v2\/categories?post=2039"},{"taxonomy":"post_tag","embeddable":true,"href":"https:\/\/codexflores.ch\/index.php\/wp-json\/wp\/v2\/tags?post=2039"}],"curies":[{"name":"wp","href":"https:\/\/api.w.org\/{rel}","templated":true}]}}