{"id":2042,"date":"2015-01-21T06:59:15","date_gmt":"2015-01-21T06:59:15","guid":{"rendered":"https:\/\/codexflores.ch\/index.php\/2015\/01\/21\/telemann-preis-geht-an-den-amadeus-verlag\/"},"modified":"2015-01-21T06:59:15","modified_gmt":"2015-01-21T06:59:15","slug":"telemann-preis-geht-an-den-amadeus-verlag","status":"publish","type":"post","link":"https:\/\/codexflores.ch\/index.php\/2015\/01\/21\/telemann-preis-geht-an-den-amadeus-verlag\/","title":{"rendered":"Telemann Preis geht an den Amadeus Verlag"},"content":{"rendered":"<p><span style=\"font-family: arial,helvetica,sans-serif; font-size: small;\">21.01.2015 &#8212; Der Winterthurer Amadeus Verlag wird mit dem Magdeburger Georg-Philipp-Telemann-Preis geehrt \u2012 f\u00fcr die engagierte Herausgabe und Verbreitung insbesondere der kammermusikalischen Werke des namensgebenden Komponisten.<\/span><\/p>\n<p>\u00a0<\/p>\n<p><strong><span style=\"font-family: arial,helvetica,sans-serif; font-size: small;\"><span style=\"font-family: arial,helvetica,sans-serif; font-size: small;\">21.01.2015 &#8212; Der Winterthurer Amadeus Verlag wird mit dem Magdeburger Georg-Philipp-Telemann-Preis geehrt \u2012 f\u00fcr die engagierte Herausgabe und Verbreitung insbesondere der kammermusikalischen Werke des namensgebenden Komponisten.<\/span><\/span><\/strong><\/p>\n<p><span style=\"font-family: arial,helvetica,sans-serif; font-size: small;\">\u00a0<\/span><\/p>\n<p><span style=\"font-family: arial,helvetica,sans-serif; font-size: small;\">Unter den gegenw\u00e4rtig t\u00e4tigen Verlagen gebe es wohl keinen anderen, der der Kammermusik Telemanns ein \u00e4hnliches Gewicht im Verlagsspektrum beimesse, schreibt das Magdeburger Zentrum f\u00fcr Telemann-Pflege und -Forschung. Allein die Anzahl von 220 Editionen aus diesem Schaffensbereich Telemanns, darunter so zentrale Werke wie die sogenannten Pariser und Hamburger Quartette, Kammermusiken aus der Musique de table und etwa 100 Triosonaten, sei beeindruckend.<\/span><\/p>\n<p><span style=\"font-family: arial,helvetica,sans-serif; font-size: small;\">\u00a0<\/span><\/p>\n<p><span style=\"font-family: arial,helvetica,sans-serif; font-size: small;\">Seit \u00fcber 40 Jahren beweise der Verlagsgr\u00fcnder Bernhard P\u00e4uler dabei \u00abein feines Gesp\u00fcr f\u00fcr die Bed\u00fcrfnisse des Alte-Musik-Marktes\u00bb. Er agiere mit kluger Werkauswahl und gediegenen Ausgaben, die durch Papierqualit\u00e4t, Einbandgestaltung und Notensatz \u00fcberzeugten und dennoch durchaus preiswert angeboten w\u00fcrden.<\/span><\/p>\n<p><span style=\"font-family: arial,helvetica,sans-serif; font-size: small;\">\u00a0<\/span><\/p>\n<p><span style=\"font-family: arial,helvetica,sans-serif; font-size: small;\">Der Georg-Philipp-Telemann-Preis wird seit 1987 von der Landeshauptstadt Magdeburg j\u00e4hrlich f\u00fcr hervorragende Leistungen bei der Interpretation, Pflege und Erforschung von Leben und Werk Georg Philipp Telemanns verliehen. Er besteht aus einer Bronzeplakette, einer Urkunde und einer Dotation in H\u00f6he von 2500 Euro. Zu den bisherigen Preistr\u00e4gern z\u00e4hlen Ludwig G\u00fcttler, Martin Ruhnke, Wolf Hobohm, Nikolaus Harnoncourt, Ren\u00e9 Jacobs, der B\u00e4renreiter-Verlag und der Carus-Verlag. Im vergangenen Jahr erhielt der belgische Oboist Paul Dombrecht den Georg-Philipp-Telemann-Preis. <em>(cf)<\/em><\/span><\/p>\n","protected":false},"excerpt":{"rendered":"<p><span style=\"font-family: arial,helvetica,sans-serif; font-size: small;\">21.01.2015 &#8212; Der Winterthurer Amadeus Verlag wird mit dem Magdeburger Georg-Philipp-Telemann-Preis geehrt \u2012 f\u00fcr die engagierte Herausgabe und Verbreitung insbesondere der kammermusikalischen Werke des namensgebenden Komponisten.<\/span><\/p>\n","protected":false},"author":1,"featured_media":0,"comment_status":"open","ping_status":"open","sticky":false,"template":"","format":"standard","meta":{"footnotes":""},"categories":[2],"tags":[],"class_list":["post-2042","post","type-post","status-publish","format-standard","hentry","category-nachrichten","entry"],"_links":{"self":[{"href":"https:\/\/codexflores.ch\/index.php\/wp-json\/wp\/v2\/posts\/2042","targetHints":{"allow":["GET"]}}],"collection":[{"href":"https:\/\/codexflores.ch\/index.php\/wp-json\/wp\/v2\/posts"}],"about":[{"href":"https:\/\/codexflores.ch\/index.php\/wp-json\/wp\/v2\/types\/post"}],"author":[{"embeddable":true,"href":"https:\/\/codexflores.ch\/index.php\/wp-json\/wp\/v2\/users\/1"}],"replies":[{"embeddable":true,"href":"https:\/\/codexflores.ch\/index.php\/wp-json\/wp\/v2\/comments?post=2042"}],"version-history":[{"count":0,"href":"https:\/\/codexflores.ch\/index.php\/wp-json\/wp\/v2\/posts\/2042\/revisions"}],"wp:attachment":[{"href":"https:\/\/codexflores.ch\/index.php\/wp-json\/wp\/v2\/media?parent=2042"}],"wp:term":[{"taxonomy":"category","embeddable":true,"href":"https:\/\/codexflores.ch\/index.php\/wp-json\/wp\/v2\/categories?post=2042"},{"taxonomy":"post_tag","embeddable":true,"href":"https:\/\/codexflores.ch\/index.php\/wp-json\/wp\/v2\/tags?post=2042"}],"curies":[{"name":"wp","href":"https:\/\/api.w.org\/{rel}","templated":true}]}}