{"id":2044,"date":"2015-01-21T10:00:37","date_gmt":"2015-01-21T10:00:37","guid":{"rendered":"https:\/\/codexflores.ch\/index.php\/2015\/01\/21\/das-orchester-01-2015\/"},"modified":"2015-01-21T10:00:37","modified_gmt":"2015-01-21T10:00:37","slug":"das-orchester-01-2015","status":"publish","type":"post","link":"https:\/\/codexflores.ch\/index.php\/2015\/01\/21\/das-orchester-01-2015\/","title":{"rendered":"das Orchester 01\/2015"},"content":{"rendered":"<p>\u00a0<\/p>\n<p><strong><span style=\"font-family: arial,helvetica,sans-serif; font-size: small;\"><img loading=\"lazy\" decoding=\"async\" src=\"images\/zeitschriften_covers\/2015\/das_Orchester1501.jpg\" border=\"0\" alt=\"Cover Zeitschrift\" width=\"100\" height=\"143\" style=\"float: left; margin: 4px;\" \/>Musikerarbeitsplatz<\/span><\/strong><\/p>\n<p><span style=\"font-family: arial,helvetica,sans-serif;\">Ideal und Wirklichkeit<\/span><\/p>\n<p>\u00a0<\/p>\n<div class=\"article\"><span class=\"articleTextSmall\" style=\"font-family: arial,helvetica,sans-serif;\">Frei, Marco <\/span><br \/><span style=\"font-family: arial,helvetica,sans-serif;\"><a class=\"articleTextBold\" href=\"http:\/\/www.dasorchester.de\/de_DE\/journal\/current\/showarticle,38763.html\"> Der Musikerarbeitsplatz <\/a> <\/span><br \/><span class=\"articleText\" style=\"font-family: arial,helvetica,sans-serif;\">Ideal und Wirklichkeit <\/span> <\/p>\n<div class=\"articleTextSmall\" style=\"margin: 4px 0px 0px;\">\u00a0<\/div>\n<\/p><\/div>\n<div class=\"article\"><span class=\"articleTextSmall\" style=\"font-family: arial,helvetica,sans-serif;\">Frei, Marco <\/span><br \/><span style=\"font-family: arial,helvetica,sans-serif;\"><a class=\"articleTextBold\" href=\"http:\/\/www.dasorchester.de\/de_DE\/journal\/current\/showarticle,38761.html\"> Gute Beispiele, schlechte Beispiele <\/a> <\/span><br \/><span class=\"articleText\" style=\"font-family: arial,helvetica,sans-serif;\">Ein Blick in Arbeitsst\u00e4tten von Orchestermusikern<\/span><\/div>\n<div class=\"article\"><span class=\"articleText\" style=\"font-family: arial,helvetica,sans-serif;\">\u00a0<\/span><\/div>\n<div class=\"article\"><span class=\"articleTextSmall\" style=\"font-family: arial,helvetica,sans-serif;\">Frei, Marco <\/span><br \/><span style=\"font-family: arial,helvetica,sans-serif;\"><a class=\"articleTextBold\" href=\"http:\/\/www.dasorchester.de\/de_DE\/journal\/current\/showarticle,38764.html\"> Pionierarbeit im Osten <\/a> <\/span><br \/><span class=\"articleText\" style=\"font-family: arial,helvetica,sans-serif;\">Warum das Theater Meiningen mit Arbeitsbedingungen gl\u00e4nzt, die ihresgleichen suchen<\/span><\/div>\n<div class=\"article\"><span class=\"articleText\" style=\"font-family: arial,helvetica,sans-serif;\">\u00a0<\/span><\/div>\n<div class=\"article\"><span class=\"articleTextSmall\" style=\"font-family: arial,helvetica,sans-serif;\">T\u00fcrk-Espitalier, Alexandra <\/span><br \/><span style=\"font-family: arial,helvetica,sans-serif;\"><a class=\"articleTextBold\" href=\"http:\/\/www.dasorchester.de\/de_DE\/journal\/current\/showarticle,38766.html\"> Mehr als R\u00fcckenschule und Gymnastik <\/a> <\/span><br \/><span class=\"articleText\" style=\"font-family: arial,helvetica,sans-serif;\">Musikerarbeitspl\u00e4tze erfordern vielf\u00e4ltigen Einsatz von Physiotherapie und K\u00f6rpertechniken<\/span><\/div>\n<div class=\"article\"><span class=\"articleText\" style=\"font-family: arial,helvetica,sans-serif;\">\u00a0<\/span><\/div>\n<div class=\"article\"><span class=\"articleTextSmall\" style=\"font-family: arial,helvetica,sans-serif;\">Frei, Marco <\/span><br \/><span style=\"font-family: arial,helvetica,sans-serif;\"><a class=\"articleTextBold\" href=\"http:\/\/www.dasorchester.de\/de_DE\/journal\/current\/showarticle,38762.html\"> K\u00f6rper und Psyche <\/a> <\/span><br \/><span class=\"articleText\" style=\"font-family: arial,helvetica,sans-serif;\">Ein musikermedizinisches Symposion in Kassel setzte ganzheitlich an<\/span><\/div>\n<div class=\"article\"><span class=\"articleText\" style=\"font-family: arial,helvetica,sans-serif;\">\u00a0<\/span><\/div>\n<div class=\"article\"><span class=\"articleTextSmall\" style=\"font-family: arial,helvetica,sans-serif;\">Schuppert, Maria \/ Stefan Simon <\/span><br \/><span style=\"font-family: arial,helvetica,sans-serif;\"><a class=\"articleTextBold\" href=\"http:\/\/www.dasorchester.de\/de_DE\/journal\/current\/showarticle,38765.html\"> Vorbereitung auf den Arbeitsplatz <\/a> <\/span><br \/><span class=\"articleText\" style=\"font-family: arial,helvetica,sans-serif;\">Herausforderungen und Aufgaben f\u00fcr die musikalischen Ausbildungsinstitutionen<\/span><\/div>\n<div class=\"article\"><span class=\"articleText\" style=\"font-family: arial,helvetica,sans-serif;\">\u00a0<\/span><\/div>\n<div class=\"article\"><span class=\"articleTextSmall\" style=\"font-family: arial,helvetica,sans-serif;\">Scherz-Schade, Sven <\/span><br \/><span style=\"font-family: arial,helvetica,sans-serif;\"><a class=\"articleTextBold\" href=\"http:\/\/www.dasorchester.de\/de_DE\/journal\/current\/showarticle,38769.html\"> Musik vom Freund und Helfer <\/a> <\/span><br \/><span class=\"articleText\" style=\"font-family: arial,helvetica,sans-serif;\">Polizeiorchester in Deutschland<\/span><\/div>\n<div class=\"article\"><span class=\"articleText\" style=\"font-family: arial,helvetica,sans-serif;\">\u00a0<\/span><\/div>\n<div class=\"article\"><span class=\"articleTextSmall\" style=\"font-family: arial,helvetica,sans-serif;\">Cecilie Knees, Katherina <\/span><br \/><span style=\"font-family: arial,helvetica,sans-serif;\"><a class=\"articleTextBold\" href=\"http:\/\/www.dasorchester.de\/de_DE\/journal\/current\/showarticle,38768.html\"> Sehnsucht nach der kleinen Form <\/a> <\/span><br \/><span class=\"articleText\" style=\"font-family: arial,helvetica,sans-serif;\">Kammermusik, gro\u00dfe Sinfonik oder lieber beides?<\/span><\/div>\n<div class=\"article\"><span class=\"articleText\" style=\"font-family: arial,helvetica,sans-serif;\">\u00a0<\/span><\/div>\n<div class=\"article\"><span class=\"articleTextSmall\" style=\"font-family: arial,helvetica,sans-serif;\">Hensel, Ulrike <\/span><br \/><span style=\"font-family: arial,helvetica,sans-serif;\"><a class=\"articleTextBold\" href=\"http:\/\/www.dasorchester.de\/de_DE\/journal\/current\/showarticle,38767.html\"> Musizieren soll Freude machen \u2013 und nicht taub <\/a> <\/span><br \/><span class=\"articleText\" style=\"font-family: arial,helvetica,sans-serif;\">Schwierig: die Umsetzung der \u201eEU-L\u00e4rmschutzverordnung\u201c im Orchesterbereich<\/span><\/div>\n<div class=\"article\"><span class=\"articleText\" style=\"font-family: arial,helvetica,sans-serif;\">\u00a0<\/span><\/div>\n<div class=\"article\">\n<h4 class=\"borderBottom\"><span style=\"font-family: arial,helvetica,sans-serif;\"><strong>Zwischent\u00f6ne<\/strong><\/span><\/h4>\n<p> <span class=\"articleTextSmall\" style=\"font-family: arial,helvetica,sans-serif;\">Schulte im Walde, Christoph <\/span><br \/><span style=\"font-family: arial,helvetica,sans-serif;\"><a class=\"articleTextBold\" href=\"http:\/\/www.dasorchester.de\/de_DE\/journal\/current\/showarticle,38772.html\"> Prominente B\u00fchne f\u00fcr Nachwuchstalente <\/a> <\/span><br \/><span class=\"articleText\" style=\"font-family: arial,helvetica,sans-serif;\">Das \u201eGerman Forum\u201c in New York<\/span><\/div>\n<div class=\"article\"><span class=\"articleText\" style=\"font-family: arial,helvetica,sans-serif;\">\u00a0<\/span><\/div>\n<div class=\"article\"><span class=\"articleTextSmall\" style=\"font-family: arial,helvetica,sans-serif;\">Buske, Peter <\/span><br \/><span style=\"font-family: arial,helvetica,sans-serif;\"><a class=\"articleTextBold\" href=\"http:\/\/www.dasorchester.de\/de_DE\/journal\/current\/showarticle,38770.html\"> Die Scharoun&#8217;sche Dreifaltigkeit im Blick <\/a> <\/span><br \/><span class=\"articleText\" style=\"font-family: arial,helvetica,sans-serif;\">In Zukunft mit Freundeskreis: Das Musikinstrumenten-Museum Berlin<\/span><\/div>\n<div class=\"article\"><span class=\"articleTextSmall\" style=\"font-family: arial,helvetica,sans-serif;\">Scherz-Schade, Sven <\/span><\/div>\n<div class=\"article\"><span style=\"font-family: arial,helvetica,sans-serif;\"><a class=\"articleTextBold\" href=\"http:\/\/www.dasorchester.de\/de_DE\/journal\/current\/showarticle,38771.html\"> Klassik aus Athen <\/a> <\/span><br \/><span class=\"articleText\" style=\"font-family: arial,helvetica,sans-serif;\">Armonia Atenea Orchestra<\/span><\/div>\n<div class=\"article\"><span class=\"articleText\" style=\"font-family: arial,helvetica,sans-serif;\">\u00a0<\/span><\/div>\n<div class=\"article\">\n<h4 class=\"borderBottom\"><span style=\"font-family: arial,helvetica,sans-serif;\"><strong>Bericht<\/strong><\/span><\/h4>\n<p> <span class=\"articleTextSmall\" style=\"font-family: arial,helvetica,sans-serif;\">Kaumanns, Armin <\/span><br \/><span style=\"font-family: arial,helvetica,sans-serif;\"><a class=\"articleTextBold\" href=\"http:\/\/www.dasorchester.de\/de_DE\/journal\/current\/showarticle,38886.html\"> Festakt mit vier ehemaligen GMDs <\/a> <\/span><br \/><span class=\"articleText\" style=\"font-family: arial,helvetica,sans-serif;\">Die D\u00fcsseldorfer Symphoniker feiern ihren 150. Geburtstag mit einer Reihe von Konzerten<\/span><\/div>\n<div class=\"article\"><span class=\"articleText\" style=\"font-family: arial,helvetica,sans-serif;\">\u00a0<\/span><\/div>\n<div class=\"article\"><span class=\"articleTextSmall\" style=\"font-family: arial,helvetica,sans-serif;\">Buske, Peter <\/span><br \/><span style=\"font-family: arial,helvetica,sans-serif;\"><a class=\"articleTextBold\" href=\"http:\/\/www.dasorchester.de\/de_DE\/journal\/current\/showarticle,38887.html\"> Mittendrin statt nur davor <\/a> <\/span><br \/><span class=\"articleText\" style=\"font-family: arial,helvetica,sans-serif;\">Das neue Konzertformat des Berliner Konzerthausorchesters platziert das Publikum mitten im Orchester.<\/span><\/div>\n<div class=\"article\"><span class=\"articleText\" style=\"font-family: arial,helvetica,sans-serif;\">\u00a0<\/span><\/div>\n<div class=\"article\"><span class=\"articleTextSmall\" style=\"font-family: arial,helvetica,sans-serif;\">Weber, Sabine <\/span><br \/><span style=\"font-family: arial,helvetica,sans-serif;\"><a class=\"articleTextBold\" href=\"http:\/\/www.dasorchester.de\/de_DE\/journal\/current\/showarticle,38888.html\"> &#8222;Peer Gynt&#8220; revisited <\/a> <\/span><br \/><span class=\"articleText\" style=\"font-family: arial,helvetica,sans-serif;\">Das Bergen Filharmoniske Orkester hat zu seinem 250. Orchestergeburtstag bei Alexander Polzin eine Visualisierung des beliebten Grieg-Werks bestellt.<\/span><\/div>\n<div class=\"article\"><span class=\"articleText\" style=\"font-family: arial,helvetica,sans-serif;\">\u00a0<\/span><\/div>\n<div class=\"article\"><span class=\"articleTextSmall\" style=\"font-family: arial,helvetica,sans-serif;\">B\u00fcnte, Hans <\/span><br \/><span style=\"font-family: arial,helvetica,sans-serif;\"><a class=\"articleTextBold\" href=\"http:\/\/www.dasorchester.de\/de_DE\/journal\/current\/showarticle,38889.html\"> Welcome Nicholas Milton! <\/a> <\/span><br \/><span class=\"articleText\" style=\"font-family: arial,helvetica,sans-serif;\">Das Saarl\u00e4ndische Staatsorchester wurde 75 Jahre alt udn bereitet seinem neuen Generalmusikdirektor einen freudigen Empfang.<\/span><\/div>\n<div class=\"article\"><span class=\"articleText\" style=\"font-family: arial,helvetica,sans-serif;\">\u00a0<\/span><\/div>\n<div class=\"article\"><span class=\"articleTextSmall\" style=\"font-family: arial,helvetica,sans-serif;\">Hauff, Andreas <\/span><br \/><span style=\"font-family: arial,helvetica,sans-serif;\"><a class=\"articleTextBold\" href=\"http:\/\/www.dasorchester.de\/de_DE\/journal\/current\/showarticle,38890.html\"> Profis und f\u00e4hige Amateure am selben Pult <\/a> <\/span><br \/><span class=\"articleText\" style=\"font-family: arial,helvetica,sans-serif;\">In der Koblenzer Rhein-Mosel-Halle gab es das zweite gro\u00dfe Konzert des &#8222;Orchester der Generationen&#8220; mit dem Staatsorchester Rheinische Philharmonie<\/span><\/div>\n<div class=\"article\"><span class=\"articleText\" style=\"font-family: arial,helvetica,sans-serif;\">\u00a0<\/span><\/div>\n<div class=\"article\"><span class=\"articleTextSmall\" style=\"font-family: arial,helvetica,sans-serif;\">Roschinski, Markus <\/span><br \/><span style=\"font-family: arial,helvetica,sans-serif;\"><a class=\"articleTextBold\" href=\"http:\/\/www.dasorchester.de\/de_DE\/journal\/current\/showarticle,38891.html\"> Mit Muschelhorn zum Streicherklang <\/a> <\/span><br \/><span class=\"articleText\" style=\"font-family: arial,helvetica,sans-serif;\">Unter Leitung von Miguel Salmon del Real spielte das Philharmonische Orchester der Stadt Trier in seinem zweiten Sinfoniekonzert ein mexikanisch-b\u00f6hmische Programm.<\/span><\/div>\n<div class=\"article\"><span class=\"articleText\" style=\"font-family: arial,helvetica,sans-serif;\">\u00a0<\/span><\/div>\n<div class=\"article\"><span class=\"articleTextSmall\" style=\"font-family: arial,helvetica,sans-serif;\">Kraus, Uwe <\/span><br \/><span style=\"font-family: arial,helvetica,sans-serif;\"><a class=\"articleTextBold\" href=\"http:\/\/www.dasorchester.de\/de_DE\/journal\/current\/showarticle,38892.html\"> Musikalische Wende-Impressionen <\/a> <\/span><br \/><span class=\"articleText\" style=\"font-family: arial,helvetica,sans-serif;\">Das Orchester des Nordharzer St\u00e4dtebundtheaters in Halberstadt w\u00fcrdigte in seinem 2. Sinfoniekonzert musikalisch 25 Jahre Wende.<\/span><\/div>\n<div class=\"article\"><span class=\"articleText\" style=\"font-family: arial,helvetica,sans-serif;\">\u00a0<\/span><\/div>\n<div class=\"article\"><span class=\"articleTextSmall\" style=\"font-family: arial,helvetica,sans-serif;\">Kaumanns, Armin <\/span><br \/><span style=\"font-family: arial,helvetica,sans-serif;\"><a class=\"articleTextBold\" href=\"http:\/\/www.dasorchester.de\/de_DE\/journal\/current\/showarticle,38893.html\"> &#8222;Himmlisch&#8230;, voller Geigen&#8220; <\/a> <\/span><br \/><span class=\"articleText\" style=\"font-family: arial,helvetica,sans-serif;\">Die Deutsche Kamemrakademie Neuss startete mit einem deutsch-amerikanischen Programm in die neue Saison.<\/span><\/div>\n<div class=\"article\"><span class=\"articleText\" style=\"font-family: arial,helvetica,sans-serif;\">\u00a0<\/span><\/div>\n<div class=\"article\"><span class=\"articleTextSmall\" style=\"font-family: arial,helvetica,sans-serif;\">Umlauf, Karsten <\/span><br \/><span style=\"font-family: arial,helvetica,sans-serif;\"><a class=\"articleTextBold\" href=\"http:\/\/www.dasorchester.de\/de_DE\/journal\/current\/showarticle,38894.html\"> Freude sch\u00f6ner Zauberton <\/a> <\/span><br \/><span class=\"articleText\" style=\"font-family: arial,helvetica,sans-serif;\">Das Freiburger Barockorchester arbeitete in einem Konzert mit Werken von Cherubini, Onslow und Beethoven wieder mit dem RIAS Kammerchor zusammen.<\/span><\/div>\n<div class=\"article\"><span class=\"articleText\" style=\"font-family: arial,helvetica,sans-serif;\">\u00a0<\/span><\/div>\n<div class=\"article\"><span class=\"articleTextSmall\" style=\"font-family: arial,helvetica,sans-serif;\">Scherz-Schade, Sven <\/span><br \/><span style=\"font-family: arial,helvetica,sans-serif;\"><a class=\"articleTextBold\" href=\"http:\/\/www.dasorchester.de\/de_DE\/journal\/current\/showarticle,38895.html\"> Verkl\u00e4rte Musik beim Herbstkonzert <\/a> <\/span><br \/><span class=\"articleText\" style=\"font-family: arial,helvetica,sans-serif;\">&#8222;Zwischen Tod und Leben&#8220; war das Thema des 2. Abo-Konzerts des S\u00fcdwestdeutschen Kammerorchesters Pforzheim.<\/span><\/div>\n<div class=\"article\"><span class=\"articleText\" style=\"font-family: arial,helvetica,sans-serif;\">\u00a0<\/span><\/div>\n<div class=\"article\"><span class=\"articleTextSmall\" style=\"font-family: arial,helvetica,sans-serif;\">B\u00f6hme-Mehner, Tatjana <\/span><br \/><span style=\"font-family: arial,helvetica,sans-serif;\"><a class=\"articleTextBold\" href=\"http:\/\/www.dasorchester.de\/de_DE\/journal\/current\/showarticle,38896.html\"> Triumph der Musik <\/a> <\/span><br \/><span class=\"articleText\" style=\"font-family: arial,helvetica,sans-serif;\">Das Deutsche Nationaltheater udn die Staatskapelle Weimar begeistern das Premierenpublikum mit einem kraftvollen &#8222;Rosenkavalier&#8220;.<\/span><\/div>\n<div class=\"article\"><span class=\"articleText\" style=\"font-family: arial,helvetica,sans-serif;\">\u00a0<\/span><\/div>\n<div class=\"article\"><span class=\"articleTextSmall\" style=\"font-family: arial,helvetica,sans-serif;\">Rudiger, Georg <\/span><br \/><span style=\"font-family: arial,helvetica,sans-serif;\"><a class=\"articleTextBold\" href=\"http:\/\/www.dasorchester.de\/de_DE\/journal\/current\/showarticle,38897.html\"> Knackig federnde Basel Sinfonietta <\/a> <\/span><br \/><span class=\"articleText\" style=\"font-family: arial,helvetica,sans-serif;\">Der Schweizer Komiker Massimo Rocchi inszenierte am Theater Basel Donizettis komische Oper &#8222;Don Pasquale&#8220;<\/span><\/div>\n<div class=\"article\"><span class=\"articleText\" style=\"font-family: arial,helvetica,sans-serif;\">\u00a0<\/span><\/div>\n<div class=\"article\"><span class=\"articleTextSmall\" style=\"font-family: arial,helvetica,sans-serif;\">Scholz, Dieter David <\/span><br \/><span style=\"font-family: arial,helvetica,sans-serif;\"><a class=\"articleTextBold\" href=\"http:\/\/www.dasorchester.de\/de_DE\/journal\/current\/showarticle,38898.html\"> &#8222;Ich will&#8217;s versuchen&#8220; <\/a> <\/span><br \/><span class=\"articleText\" style=\"font-family: arial,helvetica,sans-serif;\">Helen Malkowsky inszenierte im Opernhaus Chemnitz Erich Wolfgang Korngolds Oper &#8222;Die tote Stadt&#8220;<\/span><\/div>\n<div class=\"article\"><span class=\"articleText\" style=\"font-family: arial,helvetica,sans-serif;\">\u00a0<\/span><\/div>\n<div class=\"article\"><span class=\"articleTextSmall\" style=\"font-family: arial,helvetica,sans-serif;\">Dosch, Stefan <\/span><br \/><span style=\"font-family: arial,helvetica,sans-serif;\"><a class=\"articleTextBold\" href=\"http:\/\/www.dasorchester.de\/de_DE\/journal\/current\/showarticle,38899.html\"> Romantisch-inniges Bl\u00fchen <\/a> <\/span><br \/><span class=\"articleText\" style=\"font-family: arial,helvetica,sans-serif;\">Lancelot Fuhry, Augsburgs Erster Kapellmeister, dirigierte die &#8222;H\u00e4nsel und Gretel&#8220;-Premiere, nachdem die Augsburger Philharmoniker in dieser Spielzeit ohne GMD auskommen m\u00fcssen.<\/span><\/div>\n<div class=\"article\"><span class=\"articleText\" style=\"font-family: arial,helvetica,sans-serif;\">\u00a0<\/span><\/div>\n<div class=\"article\"><span class=\"articleTextSmall\" style=\"font-family: arial,helvetica,sans-serif;\">Loskill, J\u00f6rg <\/span><br \/><span style=\"font-family: arial,helvetica,sans-serif;\"><a class=\"articleTextBold\" href=\"http:\/\/www.dasorchester.de\/de_DE\/journal\/current\/showarticle,38900.html\"> Der Held und der B\u00f6sewicht <\/a> <\/span><br \/><span class=\"articleText\" style=\"font-family: arial,helvetica,sans-serif;\">Detmolds Landestheater stemmt eine musikalisch hochklassige &#8222;Otello&#8220;-Produktion.<\/span><\/div>\n<div class=\"article\"><span class=\"articleText\" style=\"font-family: arial,helvetica,sans-serif;\">\u00a0<\/span><\/div>\n<div class=\"article\"> <\/p>\n<h4 class=\"borderBottom\"><span style=\"font-family: arial,helvetica,sans-serif;\"><strong>B\u00fccher<\/strong><\/span><\/h4>\n<p> <span class=\"articleTextSmall\" style=\"font-family: arial,helvetica,sans-serif;\">Yammine, Georges <\/span><br \/><span style=\"font-family: arial,helvetica,sans-serif;\"><a class=\"articleTextBold\" href=\"http:\/\/www.dasorchester.de\/de_DE\/journal\/current\/showarticle,38901.html\"> Funkelnde Hoffnung <\/a> <\/span><br \/><span class=\"articleText\" style=\"font-family: arial,helvetica,sans-serif;\">Das West-Eastern Divan Orchestra und die Kraft sder Musik, hg. von Daniel Barenboim<\/span><\/div>\n<div class=\"article\"><span class=\"articleText\" style=\"font-family: arial,helvetica,sans-serif;\">\u00a0<\/span><\/div>\n<div class=\"article\"><span class=\"articleTextSmall\" style=\"font-family: arial,helvetica,sans-serif;\">Unseld, Melanie <\/span><br \/><span style=\"font-family: arial,helvetica,sans-serif;\"><a class=\"articleTextBold\" href=\"http:\/\/www.dasorchester.de\/de_DE\/journal\/current\/showarticle,38902.html\"> Biographie und Musikgeschichte <\/a> <\/span><br \/><span class=\"articleText\" style=\"font-family: arial,helvetica,sans-serif;\">Wandlungen biographischer Konzepte in Musikkultur und Musikhistoriographie<\/span><\/div>\n<div class=\"article\"><span class=\"articleText\" style=\"font-family: arial,helvetica,sans-serif;\">\u00a0<\/span><\/div>\n<div class=\"article\"><span class=\"articleTextSmall\" style=\"font-family: arial,helvetica,sans-serif;\">Hiekel, J\u00f6rn Peter \/ Wolfgang Lessing (Hg.) <\/span><br \/><span style=\"font-family: arial,helvetica,sans-serif;\"><a class=\"articleTextBold\" href=\"http:\/\/www.dasorchester.de\/de_DE\/journal\/current\/showarticle,38903.html\"> Verk\u00f6rperung der Musik <\/a> <\/span><br \/><span class=\"articleText\" style=\"font-family: arial,helvetica,sans-serif;\">Interdisziplin\u00e4re Betrachtungen<\/span><\/div>\n<div class=\"article\"><span class=\"articleText\" style=\"font-family: arial,helvetica,sans-serif;\">\u00a0<\/span><\/div>\n<div class=\"article\"><span class=\"articleTextSmall\" style=\"font-family: arial,helvetica,sans-serif;\">Hannemann, J\u00f6rg <\/span><br \/><span style=\"font-family: arial,helvetica,sans-serif;\"><a class=\"articleTextBold\" href=\"http:\/\/www.dasorchester.de\/de_DE\/journal\/current\/showarticle,38904.html\"> Der Konzertagent <\/a> <\/span><br \/><span class=\"articleText\" style=\"font-family: arial,helvetica,sans-serif;\">Roman<\/span><\/div>\n<div class=\"article\"> <\/p>\n<h4 class=\"borderBottom\"><span style=\"font-family: arial,helvetica,sans-serif;\">Noten<\/span><\/h4>\n<p> <span class=\"articleTextSmall\" style=\"font-family: arial,helvetica,sans-serif;\">Gluck, Christoph Willibald <\/span><br \/><span style=\"font-family: arial,helvetica,sans-serif;\"><a class=\"articleTextBold\" href=\"http:\/\/www.dasorchester.de\/de_DE\/journal\/current\/showarticle,38905.html\"> Sechs Bearbeitungen f\u00fcr Harmoniemusik <\/a> <\/span><br \/><span class=\"articleText\" style=\"font-family: arial,helvetica,sans-serif;\">nach Arien aus den Opern &#8222;Die Pilger von Mekka&#8220; und &#8222;Alceste&#8220; f\u00fcr 2 Oboen, 2 Englischh\u00f6rner (alternativ 2 Klarinetten), 2 H\u00f6rner, 2 Fagotte, eingerichtet von Johann Went, hg. von Gerhard Croll \/ Thomas Hauschka, Partitur und 10 Einzelstimmen<\/span><\/div>\n<div class=\"article\"><span class=\"articleText\" style=\"font-family: arial,helvetica,sans-serif;\">\u00a0<\/span><\/div>\n<div class=\"article\"><span class=\"articleTextSmall\" style=\"font-family: arial,helvetica,sans-serif;\">Brahm, Johannes <\/span><br \/><span style=\"font-family: arial,helvetica,sans-serif;\"><a class=\"articleTextBold\" href=\"http:\/\/www.dasorchester.de\/de_DE\/journal\/current\/showarticle,38906.html\"> Trio <\/a> <\/span><br \/><span class=\"articleText\" style=\"font-family: arial,helvetica,sans-serif;\">f\u00fcr Violine, Violoncello und Klavier nach dem Sextett in B-Dur op. 18, bearb. von Theodor Kirchner, Urtext, hg. von Christopher Hogwood, Partitur und Stimmen<\/span><\/div>\n<div class=\"article\"><span class=\"articleText\" style=\"font-family: arial,helvetica,sans-serif;\">\u00a0<\/span><\/div>\n<div class=\"article\"><span class=\"articleTextSmall\" style=\"font-family: arial,helvetica,sans-serif;\">Dvo\u0159\u00e1k, Anton\u00edn <\/span><br \/><span style=\"font-family: arial,helvetica,sans-serif;\"><a class=\"articleTextBold\" href=\"http:\/\/www.dasorchester.de\/de_DE\/journal\/current\/showarticle,38907.html\"> Streichquintett G-Dur <\/a> <\/span><br \/><span class=\"articleText\" style=\"font-family: arial,helvetica,sans-serif;\">op. 77, hg. von Franti\u0161ek Barto\u0161 \/ Anton\u00edn Pokorn\u00fd, Stimmen \/ Studienpartitur<\/span><\/div>\n<div class=\"article\"><span class=\"articleText\" style=\"font-family: arial,helvetica,sans-serif;\">\u00a0<\/span><\/div>\n<div class=\"article\"><span class=\"articleTextSmall\" style=\"font-family: arial,helvetica,sans-serif;\">Bl\u00f6mer, R\u00fcdiger <\/span><br \/><span style=\"font-family: arial,helvetica,sans-serif;\"><a class=\"articleTextBold\" href=\"http:\/\/www.dasorchester.de\/de_DE\/journal\/current\/showarticle,38908.html\"> Lamento <\/a> <\/span><br \/><span class=\"articleText\" style=\"font-family: arial,helvetica,sans-serif;\">f\u00fcr Viola \/ Violoncello solo und Kamemrorchester, Partitur<\/span><\/div>\n<div class=\"article\"><span class=\"articleText\" style=\"font-family: arial,helvetica,sans-serif;\">\u00a0<\/span><\/div>\n<div class=\"article\"><span class=\"articleTextSmall\" style=\"font-family: arial,helvetica,sans-serif;\">Davies, Peter Maxwell <\/span><br \/><span style=\"font-family: arial,helvetica,sans-serif;\"><a class=\"articleTextBold\" href=\"http:\/\/www.dasorchester.de\/de_DE\/journal\/current\/showarticle,38909.html\"> The Trojan games after Book V of Virgil&#8217;s &#8222;Aeneid&#8220; <\/a> <\/span><br \/><span class=\"articleText\" style=\"font-family: arial,helvetica,sans-serif;\">for ensemble, Studienpartitur<\/span><\/div>\n<div class=\"article\"><span class=\"articleText\" style=\"font-family: arial,helvetica,sans-serif;\">\u00a0<\/span><\/div>\n<div class=\"article\"><span class=\"articleTextSmall\" style=\"font-family: arial,helvetica,sans-serif;\">de Chamisso, Olivier Mayran <\/span><br \/><span style=\"font-family: arial,helvetica,sans-serif;\"><a class=\"articleTextBold\" href=\"http:\/\/www.dasorchester.de\/de_DE\/journal\/current\/showarticle,38910.html\"> 5 Romances <\/a> <\/span><br \/><span class=\"articleText\" style=\"font-family: arial,helvetica,sans-serif;\">f\u00fcr Violoncello und Klavier, Fingers\u00e4tze und Striche von Philippe Bary, Partitur und Stimme<\/span><\/div>\n<div class=\"article\"> <\/p>\n<h4 class=\"borderBottom\"><span style=\"font-family: arial,helvetica,sans-serif;\"><strong>CDs<\/strong><\/span><\/h4>\n<p> <span class=\"articleTextSmall\" style=\"font-family: arial,helvetica,sans-serif;\">Werke von Antonio Vivaldi, Luigi Boccherini, Giovanni Platti und anderen <\/span><br \/><span style=\"font-family: arial,helvetica,sans-serif;\"><a class=\"articleTextBold\" href=\"http:\/\/www.dasorchester.de\/de_DE\/journal\/current\/showarticle,38911.html\"> Italienische Fl\u00f6tenkonzerte <\/a><\/span><\/div>\n<div class=\"article\"><span class=\"articleTextSmall\" style=\"font-family: arial,helvetica,sans-serif;\">Werke von Johann Sebastian Bach und Carl Philipp Emanuel Bach <\/span><br \/><span style=\"font-family: arial,helvetica,sans-serif;\"><a class=\"articleTextBold\" href=\"http:\/\/www.dasorchester.de\/de_DE\/journal\/current\/showarticle,38912.html\"> Lisa Batiashvili <\/a><\/span><\/div>\n<div class=\"article\"><span class=\"articleTextSmall\" style=\"font-family: arial,helvetica,sans-serif;\">Hertel, Johann Wilhelm <\/span><br \/><span style=\"font-family: arial,helvetica,sans-serif;\"><a class=\"articleTextBold\" href=\"http:\/\/www.dasorchester.de\/de_DE\/journal\/current\/showarticle,38913.html\"> Jauchzet dem Herren alle Welt. Sacred Works <\/a><\/span><\/div>\n<div class=\"article\"><span class=\"articleTextSmall\" style=\"font-family: arial,helvetica,sans-serif;\">Mozart, Wolfgang Amadeus <\/span><br \/><span style=\"font-family: arial,helvetica,sans-serif;\"><a class=\"articleTextBold\" href=\"http:\/\/www.dasorchester.de\/de_DE\/journal\/current\/showarticle,38914.html\"> Violinkonzerte 1-5 \/ Adagio KV 261 \/ Rondos KV 269 &amp; 373 <\/a><\/span><\/div>\n<div class=\"article\"><span class=\"articleTextSmall\" style=\"font-family: arial,helvetica,sans-serif;\">Beethoven, Ludwig van <\/span><br \/><span style=\"font-family: arial,helvetica,sans-serif;\"><a class=\"articleTextBold\" href=\"http:\/\/www.dasorchester.de\/de_DE\/journal\/current\/showarticle,38915.html\"> Prometeus <\/a><\/span><\/div>\n<div class=\"article\"><span class=\"articleTextSmall\" style=\"font-family: arial,helvetica,sans-serif;\">Werke von Rimskij-Korsakow, Balakirew, Ippolitow-Iwanow und Erkin <\/span><br \/><span style=\"font-family: arial,helvetica,sans-serif;\"><a class=\"articleTextBold\" href=\"http:\/\/www.dasorchester.de\/de_DE\/journal\/current\/showarticle,38916.html\"> Scheherazade <\/a><\/span><\/div>\n<div class=\"article\"><span class=\"articleTextSmall\" style=\"font-family: arial,helvetica,sans-serif;\">Debussy, Claude <\/span><br \/><span style=\"font-family: arial,helvetica,sans-serif;\"><a class=\"articleTextBold\" href=\"http:\/\/www.dasorchester.de\/de_DE\/journal\/current\/showarticle,38917.html\"> Orchestral Works <\/a><\/span><\/div>\n<div class=\"article\"><span class=\"articleTextSmall\" style=\"font-family: arial,helvetica,sans-serif;\">Prokofjew, Sergej <\/span><br \/><span style=\"font-family: arial,helvetica,sans-serif;\"><a class=\"articleTextBold\" href=\"http:\/\/www.dasorchester.de\/de_DE\/journal\/current\/showarticle,38918.html\"> Iwan der Schreckliche <\/a> <\/span><br \/><span class=\"articleText\" style=\"font-family: arial,helvetica,sans-serif;\">Oratorium f\u00fcr Alt, Bass, Knabenchor, Chor und ORchester op. 116<\/span><\/div>\n<div class=\"article\"><span class=\"articleTextSmall\" style=\"font-family: arial,helvetica,sans-serif;\">Schostakowitsch, Dmitri <\/span><br \/><span style=\"font-family: arial,helvetica,sans-serif;\"><a class=\"articleTextBold\" href=\"http:\/\/www.dasorchester.de\/de_DE\/journal\/current\/showarticle,38919.html\"> Symphony No. 5 <\/a><\/span><\/div>\n<div class=\"article\"><span class=\"articleTextSmall\" style=\"font-family: arial,helvetica,sans-serif;\">Hartmann, Karl Amadeus <\/span><br \/><span style=\"font-family: arial,helvetica,sans-serif;\"><a class=\"articleTextBold\" href=\"http:\/\/www.dasorchester.de\/de_DE\/journal\/current\/showarticle,38920.html\"> Simplicius Simplicissimus <\/a><\/span><\/div>\n<div class=\"article\"><span class=\"articleTextSmall\" style=\"font-family: arial,helvetica,sans-serif;\">Werke von Walther Geiser, Heinrich Sutermeister, Peter Mieg und anderen <\/span><br \/><span style=\"font-family: arial,helvetica,sans-serif;\"><a class=\"articleTextBold\" href=\"http:\/\/www.dasorchester.de\/de_DE\/journal\/current\/showarticle,38921.html\"> Swiss Aspects <\/a> <\/span><br \/><span class=\"articleText\" style=\"font-family: arial,helvetica,sans-serif;\">Orchestermusik aus dem Aargau 1945-1970<\/span><\/div>\n<div class=\"article\"><span class=\"articleTextSmall\" style=\"font-family: arial,helvetica,sans-serif;\">Werke von H\u00e4ndel, Mozart, Mendelssohn und anderen <\/span><br \/><span style=\"font-family: arial,helvetica,sans-serif;\"><a class=\"articleTextBold\" href=\"http:\/\/www.dasorchester.de\/de_DE\/journal\/current\/showarticle,38922.html\"> Orchestral Essence &amp; Roots <\/a><\/span><\/div>\n<div class=\"article\"><span class=\"articleTextSmall\" style=\"font-family: arial,helvetica,sans-serif;\">Bach, Carl Philipp Emanuel Bach <\/span><br \/><span style=\"font-family: arial,helvetica,sans-serif;\"><a class=\"articleTextBold\" href=\"http:\/\/www.dasorchester.de\/de_DE\/journal\/current\/showarticle,38923.html\"> Hommage! <\/a> <\/span><br \/><span class=\"articleText\" style=\"font-family: arial,helvetica,sans-serif;\">Sonatas arranged for trumpet and basso continuo<\/span><\/div>\n<div class=\"article\"><span class=\"articleTextSmall\" style=\"font-family: arial,helvetica,sans-serif;\">Mozart, Wolfgang Amadeus <\/span><br \/><span style=\"font-family: arial,helvetica,sans-serif;\"><a class=\"articleTextBold\" href=\"http:\/\/www.dasorchester.de\/de_DE\/journal\/current\/showarticle,38924.html\"> Streichquartette <\/a> <\/span><br \/><span class=\"articleText\" style=\"font-family: arial,helvetica,sans-serif;\">Amadeus Quartet Recordings Vol. III, Berlin 1950-1957<\/span><\/div>\n<div class=\"article\"><span class=\"articleTextSmall\" style=\"font-family: arial,helvetica,sans-serif;\">Werke von Louis Spohr, Gabriel Faur\u00e9, Claude Debussy und anderen <\/span><br \/><span style=\"font-family: arial,helvetica,sans-serif;\"><a class=\"articleTextBold\" href=\"http:\/\/www.dasorchester.de\/de_DE\/journal\/current\/showarticle,38925.html\"> Clair de Lune <\/a> <\/span><br \/><span class=\"articleText\" style=\"font-family: arial,helvetica,sans-serif;\">Meisterwerke f\u00fcr Harfe<\/span><\/div>\n<div class=\"article\"> <\/p>\n<h4 class=\"borderBottom\"><span style=\"font-family: arial,helvetica,sans-serif;\"><strong>DVDs<\/strong><\/span><\/h4>\n<p> <span style=\"font-family: arial,helvetica,sans-serif;\"><a class=\"articleTextBold\" href=\"http:\/\/www.dasorchester.de\/de_DE\/journal\/current\/showarticle,38926.html\"> A Tribute to Kryzstof Penderecki <\/a> <\/span><br \/><span class=\"articleText\" style=\"font-family: arial,helvetica,sans-serif;\">Threnody \/ Duo Concertante \/ Conerto grosso \/ Credo<\/span><\/div>\n<p>\u00a0<\/p>\n","protected":false},"excerpt":{"rendered":"<p>\u00a0 Musikerarbeitsplatz Ideal und Wirklichkeit \u00a0 Frei, Marco Der Musikerarbeitsplatz Ideal und Wirklichkeit \u00a0 Frei, Marco Gute Beispiele, schlechte Beispiele&#8230;<\/p>\n","protected":false},"author":1,"featured_media":0,"comment_status":"open","ping_status":"open","sticky":false,"template":"","format":"standard","meta":{"footnotes":""},"categories":[10],"tags":[],"class_list":["post-2044","post","type-post","status-publish","format-standard","hentry","category-fachzeitschriften","entry"],"_links":{"self":[{"href":"https:\/\/codexflores.ch\/index.php\/wp-json\/wp\/v2\/posts\/2044","targetHints":{"allow":["GET"]}}],"collection":[{"href":"https:\/\/codexflores.ch\/index.php\/wp-json\/wp\/v2\/posts"}],"about":[{"href":"https:\/\/codexflores.ch\/index.php\/wp-json\/wp\/v2\/types\/post"}],"author":[{"embeddable":true,"href":"https:\/\/codexflores.ch\/index.php\/wp-json\/wp\/v2\/users\/1"}],"replies":[{"embeddable":true,"href":"https:\/\/codexflores.ch\/index.php\/wp-json\/wp\/v2\/comments?post=2044"}],"version-history":[{"count":0,"href":"https:\/\/codexflores.ch\/index.php\/wp-json\/wp\/v2\/posts\/2044\/revisions"}],"wp:attachment":[{"href":"https:\/\/codexflores.ch\/index.php\/wp-json\/wp\/v2\/media?parent=2044"}],"wp:term":[{"taxonomy":"category","embeddable":true,"href":"https:\/\/codexflores.ch\/index.php\/wp-json\/wp\/v2\/categories?post=2044"},{"taxonomy":"post_tag","embeddable":true,"href":"https:\/\/codexflores.ch\/index.php\/wp-json\/wp\/v2\/tags?post=2044"}],"curies":[{"name":"wp","href":"https:\/\/api.w.org\/{rel}","templated":true}]}}