{"id":2046,"date":"2015-01-22T07:09:43","date_gmt":"2015-01-22T07:09:43","guid":{"rendered":"https:\/\/codexflores.ch\/index.php\/2015\/01\/22\/tod-des-oesterreichischen-tenors-waldemar-kmentt\/"},"modified":"2015-01-22T07:09:43","modified_gmt":"2015-01-22T07:09:43","slug":"tod-des-oesterreichischen-tenors-waldemar-kmentt","status":"publish","type":"post","link":"https:\/\/codexflores.ch\/index.php\/2015\/01\/22\/tod-des-oesterreichischen-tenors-waldemar-kmentt\/","title":{"rendered":"Tod des \u00f6sterreichischen Tenors Waldemar Kmentt"},"content":{"rendered":"<p><span style=\"font-family: arial,helvetica,sans-serif; font-size: small;\">22.01.2015 &#8212; Wie die Wiener Staatsoper mitteilt, ist der \u00f6sterreichische Tenor und Kammers\u00e4nger Waldemar Kmentt, ein langj\u00e4hriges Ensemblemitglied und Ehrenmitglied der Wiener Staatsoper, im Alter von 86 Jahren in Wien verstorben.<\/span><\/p>\n<p><span style=\"font-family: arial,helvetica,sans-serif; font-size: small;\"><strong>22.01.2015 &#8212; Wie die Wiener Staatsoper mitteilt, ist der \u00f6sterreichische Tenor und Kammers\u00e4nger Waldemar Kmentt, ein langj\u00e4hriges Ensemblemitglied und Ehrenmitglied der Wiener Staatsoper, im Alter von 86 Jahren in Wien verstorben.<\/strong><\/span><\/p>\n<p>\u00a0<\/p>\n<p><span style=\"font-family: arial,helvetica,sans-serif; font-size: small;\">Waldemar Kmentt wurde 1929 in Wien geboren. Seine musikalische Ausbildung erhielt er an der Wiener Musikakademie. 1951 deb\u00fctierte er als Prinz (<em>Die Liebe zu den drei Orangen<\/em>) an der Volksoper Wien, kurz darauf wurde er Ensemblemitglied der Wiener Staatsoper. In diesem Haus verk\u00f6rperte er insgesamt 79 Rollen in 1480 Vorstellungen.<\/span><\/p>\n<p>\u00a0<\/p>\n<p><span style=\"font-family: arial,helvetica,sans-serif; font-size: small;\">Weitere Auftritte f\u00fchrten ihn unter anderem an die Volksoper Wien, die Mail\u00e4nder Scala, die New Yorker Met, nach Rom, Paris, Amsterdam, Br\u00fcssel, M\u00fcnchen und Stuttgart sowie zu den Festspielen nach Salzburg, Bayreuth und Edinburgh. 18 Jahre lang war Waldemar Kmentt Leiter der Opernschule des Konservatoriums der Stadt Wien. Er war Tr\u00e4ger des Grossen Goldenen Ehrenzeichens f\u00fcr Verdienste um die Republik \u00d6sterreich und zahlreicher weiterer Auszeichnungen.<em> (cf)<\/em><\/span><\/p>\n<p>\u00a0<\/p>\n<p>\u00a0<\/p>\n","protected":false},"excerpt":{"rendered":"<p><span style=\"font-family: arial,helvetica,sans-serif; font-size: small;\">22.01.2015 &#8212; Wie die Wiener Staatsoper mitteilt, ist der \u00f6sterreichische Tenor und Kammers\u00e4nger Waldemar Kmentt, ein langj\u00e4hriges Ensemblemitglied und Ehrenmitglied der Wiener Staatsoper, im Alter von 86 Jahren in Wien verstorben.<\/span><\/p>\n","protected":false},"author":1,"featured_media":0,"comment_status":"open","ping_status":"open","sticky":false,"template":"","format":"standard","meta":{"footnotes":""},"categories":[2],"tags":[],"class_list":["post-2046","post","type-post","status-publish","format-standard","hentry","category-nachrichten","entry"],"_links":{"self":[{"href":"https:\/\/codexflores.ch\/index.php\/wp-json\/wp\/v2\/posts\/2046","targetHints":{"allow":["GET"]}}],"collection":[{"href":"https:\/\/codexflores.ch\/index.php\/wp-json\/wp\/v2\/posts"}],"about":[{"href":"https:\/\/codexflores.ch\/index.php\/wp-json\/wp\/v2\/types\/post"}],"author":[{"embeddable":true,"href":"https:\/\/codexflores.ch\/index.php\/wp-json\/wp\/v2\/users\/1"}],"replies":[{"embeddable":true,"href":"https:\/\/codexflores.ch\/index.php\/wp-json\/wp\/v2\/comments?post=2046"}],"version-history":[{"count":0,"href":"https:\/\/codexflores.ch\/index.php\/wp-json\/wp\/v2\/posts\/2046\/revisions"}],"wp:attachment":[{"href":"https:\/\/codexflores.ch\/index.php\/wp-json\/wp\/v2\/media?parent=2046"}],"wp:term":[{"taxonomy":"category","embeddable":true,"href":"https:\/\/codexflores.ch\/index.php\/wp-json\/wp\/v2\/categories?post=2046"},{"taxonomy":"post_tag","embeddable":true,"href":"https:\/\/codexflores.ch\/index.php\/wp-json\/wp\/v2\/tags?post=2046"}],"curies":[{"name":"wp","href":"https:\/\/api.w.org\/{rel}","templated":true}]}}