{"id":2047,"date":"2015-01-22T07:18:24","date_gmt":"2015-01-22T07:18:24","guid":{"rendered":"https:\/\/codexflores.ch\/index.php\/2015\/01\/22\/schonwandt-wird-chef-principal-in-montpellier\/"},"modified":"2015-01-22T07:18:24","modified_gmt":"2015-01-22T07:18:24","slug":"schonwandt-wird-chef-principal-in-montpellier","status":"publish","type":"post","link":"https:\/\/codexflores.ch\/index.php\/2015\/01\/22\/schonwandt-wird-chef-principal-in-montpellier\/","title":{"rendered":"Sch\u00f8nwandt wird Chef Principal in Montpellier"},"content":{"rendered":"<p><span style=\"font-family: arial,helvetica,sans-serif; font-size: small;\">22.01.2015 &#8212; Der D\u00e4ne Michael Sch\u00f8nwandt wird per September 2015 Chef Principal des franz\u00f6sischen Op\u00e9ra Orchestre national de Montpellier Languedoc-Roussillon.<\/span><\/p>\n<p><span style=\"font-family: arial,helvetica,sans-serif; font-size: small;\"><strong>22.01.2015 &#8212; Der D\u00e4ne Michael Sch\u00f8nwandt wird per September 2015 Chef Principal des franz\u00f6sischen Op\u00e9ra Orchestre national de Montpellier Languedoc-Roussillon.<\/strong><\/span><\/p>\n<p>\u00a0<\/p>\n<p><span style=\"font-family: arial,helvetica,sans-serif; font-size: small;\">Michael Sch\u00f8nwandt war von 2000 bis 2011 Musikdirektor der K\u00f6niglichen Kapelle und der K\u00f6niglich D\u00e4nischen Oper in Kopenhagen, mit der er schon seit 1979 eng verbunden ist. Von September 2010 bis August 2013 war er Chefdirigent der Niederl\u00e4ndischen Radio-Kammerphilharmonie. <\/span><\/p>\n<p><span style=\"font-family: arial,helvetica,sans-serif; font-size: small;\"> Von 1992 bis 1998 war er Chefdirigent des Berliner Sinfonie-Orchesters und Erster Gastdirigent des Th\u00e9\u00e2tre de la Monnaie in Br\u00fcssel (1984 bis 1987), des D\u00e4nischen Nationalen Radio-Symphonieorchesters (1987 bis 2000), des K\u00f6niglich Philharmonischen Orchesters Flandern und der Staatsoper Stuttgart. <em>(cf)<\/em><\/span><\/p>\n<p>\u00a0<\/p>\n","protected":false},"excerpt":{"rendered":"<p><span style=\"font-family: arial,helvetica,sans-serif; font-size: small;\">22.01.2015 &#8212; Der D\u00e4ne Michael Sch\u00f8nwandt wird per September 2015 Chef Principal des franz\u00f6sischen Op\u00e9ra Orchestre national de Montpellier Languedoc-Roussillon.<\/span><\/p>\n","protected":false},"author":1,"featured_media":0,"comment_status":"open","ping_status":"open","sticky":false,"template":"","format":"standard","meta":{"footnotes":""},"categories":[2],"tags":[],"class_list":["post-2047","post","type-post","status-publish","format-standard","hentry","category-nachrichten","entry"],"_links":{"self":[{"href":"https:\/\/codexflores.ch\/index.php\/wp-json\/wp\/v2\/posts\/2047","targetHints":{"allow":["GET"]}}],"collection":[{"href":"https:\/\/codexflores.ch\/index.php\/wp-json\/wp\/v2\/posts"}],"about":[{"href":"https:\/\/codexflores.ch\/index.php\/wp-json\/wp\/v2\/types\/post"}],"author":[{"embeddable":true,"href":"https:\/\/codexflores.ch\/index.php\/wp-json\/wp\/v2\/users\/1"}],"replies":[{"embeddable":true,"href":"https:\/\/codexflores.ch\/index.php\/wp-json\/wp\/v2\/comments?post=2047"}],"version-history":[{"count":0,"href":"https:\/\/codexflores.ch\/index.php\/wp-json\/wp\/v2\/posts\/2047\/revisions"}],"wp:attachment":[{"href":"https:\/\/codexflores.ch\/index.php\/wp-json\/wp\/v2\/media?parent=2047"}],"wp:term":[{"taxonomy":"category","embeddable":true,"href":"https:\/\/codexflores.ch\/index.php\/wp-json\/wp\/v2\/categories?post=2047"},{"taxonomy":"post_tag","embeddable":true,"href":"https:\/\/codexflores.ch\/index.php\/wp-json\/wp\/v2\/tags?post=2047"}],"curies":[{"name":"wp","href":"https:\/\/api.w.org\/{rel}","templated":true}]}}